{"id":93,"date":"2025-02-21T00:30:31","date_gmt":"2025-02-20T11:30:31","guid":{"rendered":"https:\/\/www.holidayssky.com\/2025\/02\/21\/public-holidays-in-sweden-for-2025\/"},"modified":"2025-02-21T00:30:31","modified_gmt":"2025-02-20T11:30:31","slug":"public-holidays-in-sweden-for-2025","status":"publish","type":"post","link":"https:\/\/www.publicholidaycalendar.com\/de\/public-holidays-in-sweden-for-2025\/","title":{"rendered":"Gesetzliche Feiertage in Schweden f\u00fcr 2025"},"content":{"rendered":"<style>\n            table {\n                width: 100%;\n                border-collapse: collapse;\n            }\n            th {\n                background-color: #ddeeff;\n                font-weight: bold;\n                padding: 10px;\n            }\n            td {\n                padding: 10px;\n                border: 1px solid #ddd;\n            }\n            tr:nth-child(even) {\n                background-color: #f8f8f8;\n            }\n            tr:nth-child(odd) {\n                background-color: #fff;\n            }\n        <\/style>\n<table>\n<tr>\n<th>Datum<\/th>\n<th>Ferien Name<\/th>\n<\/tr>\n<tr>\n<td>2025-01-01<\/td>\n<td>Neujahr<\/td>\n<\/tr>\n<tr>\n<td>2025-03-20<br \/>T11:01:21+02:00<\/td>\n<td>M\u00e4rz-Tagundnachtgleiche<\/td>\n<\/tr>\n<tr>\n<td>2025-04-18<\/td>\n<td>Karfreitag<\/td>\n<\/tr>\n<tr>\n<td>2025-04-19<\/td>\n<td>Geburtstag von K\u00f6nig Mswati III<\/td>\n<\/tr>\n<tr>\n<td>2025-04-21<\/td>\n<td>Ostermontag<\/td>\n<\/tr>\n<tr>\n<td>2025-04-21<\/td>\n<td>Freier Tag zum Geburtstag von K\u00f6nig Mswati III<\/td>\n<\/tr>\n<tr>\n<td>2025-04-25<\/td>\n<td>Tag der Nationalflagge<\/td>\n<\/tr>\n<tr>\n<td>2025-05-01<\/td>\n<td>Maifeiertag<\/td>\n<\/tr>\n<tr>\n<td>2025-05-29<\/td>\n<td>Himmelfahrtstag<\/td>\n<\/tr>\n<tr>\n<td>2025-06-21<br \/>T04:42:15+02:00<\/td>\n<td>Juni-Sonnenwende<\/td>\n<\/tr>\n<tr>\n<td>2025-07-22<\/td>\n<td>Geburtstag des verstorbenen K\u00f6nigs Sobhuza<\/td>\n<\/tr>\n<tr>\n<td>2025-09-01<\/td>\n<td>Umhlanga-Schilftanz<\/td>\n<\/tr>\n<tr>\n<td>2025-09-06<\/td>\n<td>Somhlolo-Tag (Unabh\u00e4ngigkeitstag)<\/td>\n<\/tr>\n<tr>\n<td>2025-09-08<\/td>\n<td>Ruhetag am Somhlolo-Tag (Unabh\u00e4ngigkeitstag)<\/td>\n<\/tr>\n<tr>\n<td>2025-09-22<br \/>T20:19:22+02:00<\/td>\n<td>September-Tagundnachtgleiche<\/td>\n<\/tr>\n<tr>\n<td>2025-12-21<br \/>T17:03:05+02:00<\/td>\n<td>Dezember-Sonnenwende<\/td>\n<\/tr>\n<tr>\n<td>2025-12-25<\/td>\n<td>Weihnachtstag<\/td>\n<\/tr>\n<tr>\n<td>2025-12-26<\/td>\n<td>Zweiter Weihnachtsfeiertag<\/td>\n<\/tr>\n<tr>\n<td>2025-12-28<\/td>\n<td>Incwala-Tag<\/td>\n<\/tr>\n<tr>\n<td>2025-12-29<\/td>\n<td>Freier Tag f\u00fcr den Incwala-Tag<\/td>\n<\/tr>\n<\/table>\n<h3>Einf\u00fchrung ins neue Jahr<\/h3>\n<p>Neujahr, gefeiert am 1. Januar, markiert den Beginn des gregorianischen Kalenderjahres und ist weltweit eine Zeit der Besinnung, der Vors\u00e4tze und der Festivit\u00e4ten. Dieser Feiertag hat seine Wurzeln in antiken Zivilisationen; die Babylonier feierten das neue Jahr um die Fr\u00fchlingstagundnachtgleiche, w\u00e4hrend die R\u00f6mer sp\u00e4ter den 1. Januar zu Ehren von Janus, dem Gott der Anf\u00e4nge, einf\u00fchrten. Die Traditionen sind vielf\u00e4ltig und reichen von Feuerwerken und Partys bis hin zu einzigartigen Br\u00e4uchen wie dem Essen von zw\u00f6lf Weintrauben um Mitternacht in Spanien, das Gl\u00fcck bringen soll. Interessanterweise begehen viele Kulturen auch das Neujahrsfest nach dem Mondkalender, dessen Feierlichkeiten bis in den Februar hinein andauern k\u00f6nnen. Das universelle Thema Erneuerung und Hoffnung findet seinen Niederschlag und macht Neujahr zu einem gesch\u00e4tzten Anlass f\u00fcr Einheit und Neubeginn.<\/p>\n<h3>M\u00e4rz-Tagundnachtgleiche Einf\u00fchrung<\/h3>\n<p>Die Tagundnachtgleiche im M\u00e4rz, die jedes Jahr um den 20. oder 21. M\u00e4rz stattfindet, markiert einen entscheidenden Moment im astronomischen Kalender, an dem Tag und Nacht nahezu gleich lang sind. Dieses Ph\u00e4nomen tritt auf, wenn die Sonne den Himmels\u00e4quator \u00fcberquert und damit den Beginn des Fr\u00fchlings auf der Nordhalbkugel und des Herbstes auf der S\u00fcdhalbkugel signalisiert. Die Tagundnachtgleiche wird seit Jahrhunderten kultur\u00fcbergreifend gefeiert und symbolisiert Erneuerung, Wiedergeburt und Gleichgewicht. Antike Zivilisationen wie die Maya und die \u00c4gypter errichteten monumentale Bauwerke, die auf die Tagundnachtgleiche ausgerichtet waren, und verdeutlichten so deren Bedeutung in Landwirtschaft und Spiritualit\u00e4t. Interessanterweise leitet sich das Wort \u201eTagundnachtgleiche\u201c vom lateinischen \u201eaequus\u201c f\u00fcr gleich und \u201enox\u201c f\u00fcr Nacht ab, was die einzigartige Eigenschaft des Tages unterstreicht. Die Tagundnachtgleiche im M\u00e4rz wird auch mit verschiedenen Festen in Verbindung gebracht, darunter Ostara, ein heidnisches Fest der Fruchtbarkeit und des Neubeginns, und das persische Neujahrsfest Nowruz, das den Fr\u00fchlingsanfang feiert. Wenn die Natur erwacht, nutzen viele diese Zeit zur Besinnung und Erholung und machen sie zu einem allgemein gesch\u00e4tzten Zeichen des Wandels.<\/p>\n<h3>Karfreitag Einf\u00fchrung<\/h3>\n<p>Der Karfreitag, der in der Karwoche begangen wird, hat f\u00fcr Christen weltweit eine tiefe Bedeutung, da sie der Kreuzigung Jesu Christi gedenken. Er f\u00e4llt auf den Freitag vor Ostersonntag und ist ein besinnlicher Tag der Besinnung, des Gebets und des Fastens. Der Name \u201eKarfreitag\u201c leitet sich vermutlich von \u201eGottes Freitag\u201c ab, was seine religi\u00f6se Bedeutung unterstreicht. Die Traditionen variieren je nach Kultur; so nehmen beispielsweise in vielen L\u00e4ndern Menschen an Nachstellungen der Passion Christi teil, w\u00e4hrend andere feierliche Gottesdienste abhalten. Interessanterweise ist der Karfreitag in mehreren L\u00e4ndern, darunter Kanada, Gro\u00dfbritannien und Australien, auch ein gesetzlicher Feiertag, was zu verschiedenen lokalen Br\u00e4uchen und Ritualen f\u00fchrt. Als Tag der Trauer und Besinnung l\u00e4dt er Gl\u00e4ubige ein, \u00fcber Themen wie Opfer, Erl\u00f6sung und Hoffnung auf Auferstehung nachzudenken und bereitet so die B\u00fchne f\u00fcr die Freude des Ostersonntags.<\/p>\n<h3>Geburtstag von K\u00f6nig Mswati III. Einf\u00fchrung<\/h3>\n<p>Der Geburtstag von K\u00f6nig Mswati III., der am 19. April gefeiert wird, ist ein bedeutender Nationalfeiertag in Eswatini (ehemals Swasiland). Er ehrt den am l\u00e4ngsten regierenden Monarchen Afrikas, der 1986 im Alter von nur 18 Jahren den Thron bestieg. Dieser Tag markiert nicht nur den Geburtstag des K\u00f6nigs, sondern dient auch der Feier des reichen kulturellen Erbes Eswatinis. Zu den Feierlichkeiten geh\u00f6ren typischerweise traditionelle Zeremonien, farbenfrohe Paraden und Auff\u00fchrungen, die die einzigartigen Br\u00e4uche des Landes pr\u00e4sentieren. K\u00f6nig Mswati III. ist bekannt f\u00fcr seinen Einsatz f\u00fcr den Erhalt traditioneller Werte und spielte eine zentrale Rolle in verschiedenen nationalen Entwicklungsprojekten. Interessanterweise ist er f\u00fcr seinen verschwenderischen Lebensstil bekannt, mit mehreren Ehefrauen und einem ausgepr\u00e4gten Interesse an Mode. Der Feiertag f\u00f6rdert Nationalstolz und Einheit, da die B\u00fcrger ihre Loyalit\u00e4t und Unterst\u00fctzung f\u00fcr die Monarchie zum Ausdruck bringen und gleichzeitig die festliche Atmosph\u00e4re genie\u00dfen, die das Land umgibt.<\/p>\n<h3>Einf\u00fchrung zum Ostermontag<\/h3>\n<p>Ostermontag, der Tag nach Ostersonntag, ist ein bedeutender Feiertag, der weltweit gefeiert wird und die Fortsetzung der Osterfeierlichkeiten markiert. Traditionell hat er seine Wurzeln im christlichen Glauben und erinnert an die Auferstehung Jesu Christi. In vielen Kulturen ist Ostermontag ein Tag der Ruhe und Besinnung, der oft mit Familientreffen und Aktivit\u00e4ten im Freien verbunden ist. Interessanterweise ist er in mehreren L\u00e4ndern, darunter Australien, Kanada und Gro\u00dfbritannien, ein gesetzlicher Feiertag, wo er mit verschiedenen lokalen Br\u00e4uchen wie Eierrollwettbewerben und festlichen Umz\u00fcgen verbunden ist. In vielen ostorthodoxen L\u00e4ndern ist Ostermontag Teil einer l\u00e4ngeren Feier, die als \u201eWei\u00dfe Woche\u201c bekannt ist. In vielen Kulturen markiert der Tag auch den Fr\u00fchlingsanfang und symbolisiert Erneuerung und Hoffnung. Damit ist er ein gesch\u00e4tzter Anlass sowohl f\u00fcr religi\u00f6se Br\u00e4uche als auch f\u00fcr weltliche Freuden.<\/p>","protected":false},"excerpt":{"rendered":"<p>Datum Name des Feiertags 01.01.2025 Neujahr 20.03.2025, 11:01:21 Uhr +02:00 Tagundnachtgleiche im M\u00e4rz 18.04.2025 Karfreitag 19.04.2025 Geburtstag von K\u00f6nig Mswati III. 21.04.2025 Ostermontag 21.04.2025 Freier Tag zum Geburtstag von K\u00f6nig Mswati III. 25.04.2025 Tag der Nationalflagge 01.05.2025 Maifeiertag 29.05.2025 Himmelfahrt 21.06.2025, 04:42:15 Uhr +02:00 Sonnenwende im Juni 22.07.2025 Geburtstag des verstorbenen K\u00f6nigs Sobhuza 01.09.2025 Schilftanz in Umhlanga 06.09.2025\u2026<\/p>","protected":false},"author":1,"featured_media":0,"comment_status":"open","ping_status":"open","sticky":false,"template":"","format":"standard","meta":{"_kadence_starter_templates_imported_post":false,"_kad_post_transparent":"","_kad_post_title":"","_kad_post_layout":"","_kad_post_sidebar_id":"","_kad_post_content_style":"","_kad_post_vertical_padding":"","_kad_post_feature":"","_kad_post_feature_position":"","_kad_post_header":false,"_kad_post_footer":false,"slim_seo":{"title":"Public Holidays in Sweden for 2025 - Public Holiday Calendar","description":"Date Holiday Name 2025-01-01 New Year 2025-03-20 T11:01:21+02:00 March Equinox 2025-04-18 Good Friday 2025-04-19 Birthday of King Mswati III 2025-04-21 Easter M"},"footnotes":""},"categories":[66,161],"tags":[],"class_list":["post-93","post","type-post","status-publish","format-standard","hentry","category-europe","category-sweden"],"amp_enabled":true,"_links":{"self":[{"href":"https:\/\/www.publicholidaycalendar.com\/de\/wp-json\/wp\/v2\/posts\/93","targetHints":{"allow":["GET"]}}],"collection":[{"href":"https:\/\/www.publicholidaycalendar.com\/de\/wp-json\/wp\/v2\/posts"}],"about":[{"href":"https:\/\/www.publicholidaycalendar.com\/de\/wp-json\/wp\/v2\/types\/post"}],"author":[{"embeddable":true,"href":"https:\/\/www.publicholidaycalendar.com\/de\/wp-json\/wp\/v2\/users\/1"}],"replies":[{"embeddable":true,"href":"https:\/\/www.publicholidaycalendar.com\/de\/wp-json\/wp\/v2\/comments?post=93"}],"version-history":[{"count":0,"href":"https:\/\/www.publicholidaycalendar.com\/de\/wp-json\/wp\/v2\/posts\/93\/revisions"}],"wp:attachment":[{"href":"https:\/\/www.publicholidaycalendar.com\/de\/wp-json\/wp\/v2\/media?parent=93"}],"wp:term":[{"taxonomy":"category","embeddable":true,"href":"https:\/\/www.publicholidaycalendar.com\/de\/wp-json\/wp\/v2\/categories?post=93"},{"taxonomy":"post_tag","embeddable":true,"href":"https:\/\/www.publicholidaycalendar.com\/de\/wp-json\/wp\/v2\/tags?post=93"}],"curies":[{"name":"wp","href":"https:\/\/api.w.org\/{rel}","templated":true}]}}