{"id":70,"date":"2025-02-21T00:22:28","date_gmt":"2025-02-20T11:22:28","guid":{"rendered":"https:\/\/www.holidayssky.com\/2025\/02\/21\/public-holidays-in-central-african-republic-for-2025\/"},"modified":"2025-02-21T00:22:28","modified_gmt":"2025-02-20T11:22:28","slug":"public-holidays-in-central-african-republic-for-2025","status":"publish","type":"post","link":"https:\/\/www.publicholidaycalendar.com\/de\/public-holidays-in-central-african-republic-for-2025\/","title":{"rendered":"Feiertage in der Zentralafrikanischen Republik f\u00fcr 2025"},"content":{"rendered":"<style>\n            table {\n                width: 100%;\n                border-collapse: collapse;\n            }\n            th {\n                background-color: #ddeeff;\n                font-weight: bold;\n                padding: 10px;\n            }\n            td {\n                padding: 10px;\n                border: 1px solid #ddd;\n            }\n            tr:nth-child(even) {\n                background-color: #f8f8f8;\n            }\n            tr:nth-child(odd) {\n                background-color: #fff;\n            }\n        <\/style>\n<table>\n<tr>\n<th>Datum<\/th>\n<th>Ferien Name<\/th>\n<\/tr>\n<tr>\n<td>2025-01-01<\/td>\n<td>Neujahr<\/td>\n<\/tr>\n<tr>\n<td>2025-03-01<\/td>\n<td>Ramadan Beginn<\/td>\n<\/tr>\n<tr>\n<td>2025-03-20<br \/>T10:01:21+01:00<\/td>\n<td>M\u00e4rz-Tagundnachtgleiche<\/td>\n<\/tr>\n<tr>\n<td>2025-03-29<\/td>\n<td>Gedenken an Boganda<\/td>\n<\/tr>\n<tr>\n<td>2025-03-31<\/td>\n<td>Eid al-Fitr<\/td>\n<\/tr>\n<tr>\n<td>2025-04-21<\/td>\n<td>Ostermontag<\/td>\n<\/tr>\n<tr>\n<td>2025-05-01<\/td>\n<td>Tag der Arbeit<\/td>\n<\/tr>\n<tr>\n<td>2025-05-29<\/td>\n<td>Himmelfahrtstag<\/td>\n<\/tr>\n<tr>\n<td>2025-06-07<\/td>\n<td>Eid al-Adha<\/td>\n<\/tr>\n<tr>\n<td>2025-06-09<\/td>\n<td>Pfingstmontag<\/td>\n<\/tr>\n<tr>\n<td>2025-06-21<br \/>T03:42:15+01:00<\/td>\n<td>Juni-Sonnenwende<\/td>\n<\/tr>\n<tr>\n<td>2025-06-30<\/td>\n<td>Nationaler Zahlertag<\/td>\n<\/tr>\n<tr>\n<td>2025-08-13<\/td>\n<td>Unabh\u00e4ngigkeitstag<\/td>\n<\/tr>\n<tr>\n<td>2025-08-15<\/td>\n<td>Mari\u00e4 Himmelfahrt<\/td>\n<\/tr>\n<tr>\n<td>2025-09-22<br \/>T19:19:22+01:00<\/td>\n<td>September-Tagundnachtgleiche<\/td>\n<\/tr>\n<tr>\n<td>2025-11-01<\/td>\n<td>Allerheiligen<\/td>\n<\/tr>\n<tr>\n<td>2025-12-01<\/td>\n<td>Tag der Republik<\/td>\n<\/tr>\n<tr>\n<td>2025-12-21<br \/>T16:03:05+01:00<\/td>\n<td>Dezember-Sonnenwende<\/td>\n<\/tr>\n<tr>\n<td>2025-12-25<\/td>\n<td>Weihnachtstag<\/td>\n<\/tr>\n<\/table>\n<h3>Einf\u00fchrung ins neue Jahr<\/h3>\n<p>Neujahr, gefeiert am 1. Januar, markiert den Beginn des gregorianischen Kalenderjahres und ist eine Zeit der Erneuerung und Besinnung. Dieser weltweite Feiertag ist reich an Traditionen und Br\u00e4uchen und variiert je nach Kultur stark. Interessanterweise reichen die ersten Aufzeichnungen \u00fcber Neujahrsfeiern \u00fcber 4.000 Jahre zur\u00fcck bis ins alte Mesopotamien, wo die Babylonier das neue Jahr mit einem Fest namens Akitu begr\u00fc\u00dften. In vielen Kulturen ist Neujahr eine Zeit der Vors\u00e4tze und symbolisiert einen Neuanfang und pers\u00f6nliches Wachstum. Feuerwerke und Festivit\u00e4ten erleuchten den Himmel, w\u00e4hrend sich die Menschen zu Feiern, Schlemmen und Fr\u00f6hlichkeit versammeln. Einzigartige Br\u00e4uche, wie die spanische Tradition, um Mitternacht zw\u00f6lf Weintrauben zu essen, um Gl\u00fcck zu bringen, runden die Feierlichkeiten ab. Ob durch ausgelassene Partys oder stille Besinnung \u2013 Neujahr steht f\u00fcr Hoffnung und das Versprechen eines Neuanfangs und ist damit einer der am h\u00e4ufigsten gefeierten Anl\u00e4sse weltweit.<\/p>\n<h3>Ramadan-Start Einf\u00fchrung<\/h3>\n<p>Der Ramadan markiert den Beginn eines der bedeutendsten Monate im islamischen Kalender, der von Millionen Muslimen weltweit begangen wird. Dieser heilige Monat ist dem Fasten, dem Gebet, der Besinnung und der Gemeinschaft gewidmet. Ramadan ist der neunte Monat des islamischen Mondkalenders und sein Beginn wird durch die Sichtung des Neumonds bestimmt. In diesem Monat fasten Muslime von Sonnenaufgang bis Sonnenuntergang und verzichten auf Essen und Trinken, was ein Gef\u00fchl spiritueller Disziplin und Empathie f\u00fcr Bed\u00fcrftige f\u00f6rdert. Interessanterweise kann die Einhaltung des Ramadan je nach geografischer Lage und Mondbeobachtungstraditionen um ein oder zwei Tage variieren. Der Monat gipfelt in der Feier des Eid al-Fitr, einem Festtag zum Ende des Fastens, der von gemeinsamen Gebeten, Festessen und Spenden f\u00fcr wohlt\u00e4tige Zwecke gepr\u00e4gt ist. Ramadan ist nicht nur eine Zeit des spirituellen Wachstums, sondern auch eine Zeit, die Familien- und Gemeinschaftsbande st\u00e4rkt und ihn daher f\u00fcr Muslime weltweit zu einer gesch\u00e4tzten Jahreszeit macht.<\/p>\n<h3>M\u00e4rz-Tagundnachtgleiche Einf\u00fchrung<\/h3>\n<p>Die M\u00e4rz-Tagundnachtgleiche, auch Fr\u00fchlings-Tagundnachtgleiche genannt, markiert einen zentralen Moment im astronomischen Kalender und findet j\u00e4hrlich um den 20. oder 21. M\u00e4rz statt. Sie markiert den Beginn des Fr\u00fchlings auf der Nordhalbkugel und des Herbstes auf der S\u00fcdhalbkugel. W\u00e4hrend dieser Tagundnachtgleiche sind Tag und Nacht nahezu gleich lang, ein Ph\u00e4nomen, das durch die Neigung der Erde und ihre Umlaufbahn um die Sonne entsteht. Dieses Himmelsereignis wird seit Jahrhunderten kultur\u00fcbergreifend gefeiert und symbolisiert Erneuerung, Wiedergeburt und das Erwachen der Natur. Verschiedene antike Zivilisationen, darunter die \u00c4gypter und die Maya, errichteten Monumente, die auf die Tagundnachtgleiche ausgerichtet waren, um die Sonnenzyklen zu verfolgen. Heute inspiriert die M\u00e4rz-Tagundnachtgleiche Feste, Rituale und Br\u00e4uche, die den Wechsel der Jahreszeiten und das Gleichgewicht von Licht und Dunkelheit ehren.<\/p>\n<h3>Gedenken an Boganda Einf\u00fchrung<\/h3>\n<p>Das Boganda-Gedenkfest ist ein bedeutender Nationalfeiertag, der in der Zentralafrikanischen Republik jedes Jahr am 1. M\u00e4rz gefeiert wird. An diesem Tag wird Barth\u00e9lemy Boganda geehrt, der Gr\u00fcndervater und erste Premierminister des Landes, der 1960 ma\u00dfgeblich zur Unabh\u00e4ngigkeit des Landes von der franz\u00f6sischen Kolonialherrschaft beitrug. Boganda war nicht nur ein politischer F\u00fchrer, sondern auch ein Vision\u00e4r, der sich f\u00fcr soziale Gerechtigkeit und nationale Einheit einsetzte und die Bedeutung von Bildung und Entwicklung betonte. Sein Verm\u00e4chtnis ist die F\u00f6rderung des Panafrikanismus und sein Einsatz f\u00fcr die marginalisierten Gemeinschaften im Land. Das Gedenken umfasst verschiedene Zeremonien, darunter Reden, kulturelle Darbietungen und Bildungsinitiativen, die zuk\u00fcnftige Generationen inspirieren sollen. Der Tag erinnert an die historischen K\u00e4mpfe und Bestrebungen des Landes nach Frieden und Wohlstand und bietet den Zentralafrikanern eine bedeutsame Gelegenheit, \u00fcber ihre Identit\u00e4t und gemeinsame Zukunft nachzudenken.<\/p>\n<h3>Eid al-Fitr Einf\u00fchrung<\/h3>\n<p>Eid al-Fitr, oft als \u201eFest des Fastenbrechens\u201c bezeichnet, ist ein bedeutender religi\u00f6ser Feiertag, der von Muslimen weltweit gefeiert wird und das Ende des Ramadan markiert, eines Monats des Fastens, des Gebets und der Besinnung. Dieser festliche Anlass f\u00e4llt auf den ersten Tag von Schawwal, dem Monat, der im islamischen Mondkalender auf den Ramadan folgt. Einer der faszinierendsten Aspekte von Eid al-Fitr ist die Betonung von Gemeinschaft und Wohlt\u00e4tigkeit. Muslime werden ermutigt, Zakat al-Fitr, eine Form des Almosengebens, zu geben, um sicherzustellen, dass alle an den Feierlichkeiten teilnehmen k\u00f6nnen. Traditionell beginnt der Tag mit einem besonderen Gebet in den Moscheen, bei dem sich Familien versammeln, um Dankbarkeit auszudr\u00fccken und um Segen zu bitten. Zu den Feierlichkeiten geh\u00f6ren oft gemeinsame Mahlzeiten, S\u00fc\u00dfigkeiten und das Tragen neuer Kleidung als Symbol f\u00fcr Erneuerung und Freude. Eid al-Fitr variiert auch je nach Kultur und zeigt eine reiche Vielfalt an Br\u00e4uchen und Traditionen, von aufwendigen Festen im Nahen Osten bis hin zu einzigartigen regionalen Gerichten in S\u00fcdostasien. Dieser Feiertag f\u00f6rdert nicht nur das Zusammengeh\u00f6rigkeitsgef\u00fchl unter Muslimen, sondern auch Werte wie Mitgef\u00fchl, Gro\u00dfz\u00fcgigkeit und Einheit.<\/p>","protected":false},"excerpt":{"rendered":"<p>Datum Feiertag 01.01.2025 Neujahr 01.03.2025 Beginn des Ramadan 20.03.2025, 10:01:21 Uhr +01:00 Tagundnachtgleiche im M\u00e4rz 29.03.2025 Gedenktag zu Boganda 31.03.2025 Eid al-Fitr 21.04.2025 Ostermontag 01.05.2025 Tag der Arbeit 29.05.2025 Himmelfahrt 07.06.2025 Eid al-Adha 09.06.2025 Pfingstmontag 21.06.2025, 03:42:15 Uhr +01:00 Sonnenwende im Juni 30.06.2025 Nationalfeiertag 13.08.2025 Unabh\u00e4ngigkeitstag 15.08.2025 Mari\u00e4 Himmelfahrt 22.09.2025, 19:19:22 Uhr +01:00 Tagundnachtgleiche im September 01.11.2025 Allerheiligen\u2026<\/p>","protected":false},"author":1,"featured_media":0,"comment_status":"open","ping_status":"open","sticky":false,"template":"","format":"standard","meta":{"_kadence_starter_templates_imported_post":false,"_kad_post_transparent":"","_kad_post_title":"","_kad_post_layout":"","_kad_post_sidebar_id":"","_kad_post_content_style":"","_kad_post_vertical_padding":"","_kad_post_feature":"","_kad_post_feature_position":"","_kad_post_header":false,"_kad_post_footer":false,"slim_seo":{"title":"Public Holidays in Central African Republic for 2025 - Public Holiday Calendar","description":"Date Holiday Name 2025-01-01 New Year 2025-03-01 Ramadan Start 2025-03-20 T10:01:21+01:00 March Equinox 2025-03-29 Commemoration of Boganda 2025-03-31 Eid al-Fi"},"footnotes":""},"categories":[67,175],"tags":[],"class_list":["post-70","post","type-post","status-publish","format-standard","hentry","category-africa","category-central-african-republic"],"amp_enabled":true,"_links":{"self":[{"href":"https:\/\/www.publicholidaycalendar.com\/de\/wp-json\/wp\/v2\/posts\/70","targetHints":{"allow":["GET"]}}],"collection":[{"href":"https:\/\/www.publicholidaycalendar.com\/de\/wp-json\/wp\/v2\/posts"}],"about":[{"href":"https:\/\/www.publicholidaycalendar.com\/de\/wp-json\/wp\/v2\/types\/post"}],"author":[{"embeddable":true,"href":"https:\/\/www.publicholidaycalendar.com\/de\/wp-json\/wp\/v2\/users\/1"}],"replies":[{"embeddable":true,"href":"https:\/\/www.publicholidaycalendar.com\/de\/wp-json\/wp\/v2\/comments?post=70"}],"version-history":[{"count":0,"href":"https:\/\/www.publicholidaycalendar.com\/de\/wp-json\/wp\/v2\/posts\/70\/revisions"}],"wp:attachment":[{"href":"https:\/\/www.publicholidaycalendar.com\/de\/wp-json\/wp\/v2\/media?parent=70"}],"wp:term":[{"taxonomy":"category","embeddable":true,"href":"https:\/\/www.publicholidaycalendar.com\/de\/wp-json\/wp\/v2\/categories?post=70"},{"taxonomy":"post_tag","embeddable":true,"href":"https:\/\/www.publicholidaycalendar.com\/de\/wp-json\/wp\/v2\/tags?post=70"}],"curies":[{"name":"wp","href":"https:\/\/api.w.org\/{rel}","templated":true}]}}