{"id":381,"date":"2025-02-21T14:14:01","date_gmt":"2025-02-21T01:14:01","guid":{"rendered":"https:\/\/www.holidayssky.com\/2025\/02\/21\/public-holidays-in-guinea-bissau-for-2026\/"},"modified":"2025-02-21T14:14:01","modified_gmt":"2025-02-21T01:14:01","slug":"public-holidays-in-guinea-bissau-for-2026","status":"publish","type":"post","link":"https:\/\/www.publicholidaycalendar.com\/de\/public-holidays-in-guinea-bissau-for-2026\/","title":{"rendered":"Gesetzliche Feiertage in Guinea-Bissau f\u00fcr 2026"},"content":{"rendered":"<style>\n                table {\n                    width: 100%;\n                    border-collapse: collapse;\n                }\n                th {\n                    background-color: #ddeeff;\n                    font-weight: bold;\n                    padding: 10px;\n                }\n                td {\n                    padding: 10px;\n                    border: 1px solid #ddd;\n                }\n                tr:nth-child(even) {\n                    background-color: #f8f8f8;\n                }\n                tr:nth-child(odd) {\n                    background-color: #fff;\n                }\n            <\/style>\n<table>\n<tr>\n<th>Datum<\/th>\n<th>Ferien Name<\/th>\n<\/tr>\n<tr>\n<td>2026-01-01<\/td>\n<td>Neujahr<\/td>\n<\/tr>\n<tr>\n<td>2026-01-20<\/td>\n<td>Tag der Helden<\/td>\n<\/tr>\n<tr>\n<td>2026-02-18<\/td>\n<td>Ramadan Beginn<\/td>\n<\/tr>\n<tr>\n<td>2026-03-08<\/td>\n<td>Internationaler Frauentag<\/td>\n<\/tr>\n<tr>\n<td>2026-03-20<\/td>\n<td>Eid al-Fitr<\/td>\n<\/tr>\n<tr>\n<td>2026-03-20T14:46:00+00:00<\/td>\n<td>M\u00e4rz-Tagundnachtgleiche<\/td>\n<\/tr>\n<tr>\n<td>2026-04-05<\/td>\n<td>Ostersonntag<\/td>\n<\/tr>\n<tr>\n<td>2026-05-01<\/td>\n<td>Tag der Arbeit<\/td>\n<\/tr>\n<tr>\n<td>2026-05-27<\/td>\n<td>Eid al-Adha<\/td>\n<\/tr>\n<tr>\n<td>2026-06-21T08:24:30+00:00<\/td>\n<td>Juni-Sonnenwende<\/td>\n<\/tr>\n<tr>\n<td>23.09.2026, 00:05:13 Uhr<\/td>\n<td>September-Tagundnachtgleiche<\/td>\n<\/tr>\n<tr>\n<td>2026-09-24<\/td>\n<td>Unabh\u00e4ngigkeitstag (Nationalfeiertag)<\/td>\n<\/tr>\n<tr>\n<td>21.12.2026, 20:50:14 Uhr<\/td>\n<td>Dezember-Sonnenwende<\/td>\n<\/tr>\n<tr>\n<td>2026-12-25<\/td>\n<td>Weihnachtstag<\/td>\n<\/tr>\n<\/table>\n<h3>Einf\u00fchrung ins neue Jahr<\/h3>\n<p>Neujahr ist ein weltweit gefeierter Feiertag, der den \u00dcbergang von einem Kalenderjahr zum n\u00e4chsten markiert und Neuanf\u00e4nge und neue Hoffnung symbolisiert. Die Urspr\u00fcnge des traditionellen Neujahrsfestes am 1. Januar reichen bis in die antiken Zivilisationen zur\u00fcck. Die Babylonier feierten das neue Jahr w\u00e4hrend der Fr\u00fchlings-Tagundnachtgleiche, w\u00e4hrend die R\u00f6mer im Jahr 46 v. Chr. den 1. Januar als bedeutsames Datum festlegten. Der Anlass wird auf der ganzen Welt durch verschiedene Br\u00e4uche gepr\u00e4gt, wie Feuerwerk, Festmahle und das Fassen von Vors\u00e4tzen. In manchen Kulturen wird Neujahr zu anderen Zeiten gefeiert; das chinesische Neujahrsfest beispielsweise f\u00e4llt, basierend auf dem Mondkalender, zwischen den 21. Januar und den 20. Februar. Interessanterweise verbinden viele Kulturen bestimmte Nahrungsmittel mit Gl\u00fcck f\u00fcr das kommende Jahr \u2013 wie Schwarzaugenbohnen in der Tradition der S\u00fcdstaaten der USA oder 12 Weintrauben in Spanien. Insgesamt ist Neujahr ein lebendiges Sammelsurium kultureller Praktiken, die zum Nachdenken, Feiern und Hoffen f\u00fcr die Zukunft einladen.<\/p>\n<h3>Einf\u00fchrung zum Tag der Helden<\/h3>\n<p>Der Heldentag ist ein bedeutender Gedenktag, der in vielen L\u00e4ndern begangen wird, um den Mut und die Opferbereitschaft von Menschen zu ehren, die im Kampf f\u00fcr Freiheit, Gerechtigkeit und Nationalstolz eine entscheidende Rolle gespielt haben. Der Feiertag erinnert oft an historische Pers\u00f6nlichkeiten, Milit\u00e4rangeh\u00f6rige und B\u00fcrger, deren Taten eine Nation inspiriert haben. In L\u00e4ndern wie Simbabwe wird der Heldentag am zweiten Montag im Juli gefeiert, um diejenigen zu ehren, die zum Befreiungskampf des Landes beigetragen haben. Der Tag ist gepr\u00e4gt von Paraden, Reden und Zeremonien, die das Gef\u00fchl der Einheit und des Patriotismus unter den B\u00fcrgern f\u00f6rdern. In anderen Regionen, wie den Vereinigten Staaten, findet ein \u00e4hnlicher Gedenktag statt, um lokale Helden zu ehren und so Gemeinschaftsgeist und Erinnerung zu f\u00f6rdern. Interessanterweise k\u00f6nnen das Datum und die Traditionen des Heldentags stark variieren und die einzigartige Geschichte und Kultur jedes Landes widerspiegeln.<\/p>\n<h3>Ramadan-Start Einf\u00fchrung<\/h3>\n<p>Der Ramadan, der neunte Monat des islamischen Mondkalenders, ist f\u00fcr Muslime weltweit eine wichtige Zeit des Fastens, Betens und der Besinnung. Er beginnt mit der Sichtung des Mondes und dauert 29 bis 30 Tage. W\u00e4hrend dieser heiligen Zeit verzichten Gl\u00e4ubige von Sonnenaufgang bis Sonnenuntergang auf Essen, Trinken und andere k\u00f6rperliche Bed\u00fcrfnisse und f\u00f6rdern so spirituelles Wachstum und Selbstdisziplin. Ein besonders faszinierender Aspekt des Ramadan ist die Betonung der Gemeinschaft; Familien treffen sich oft zum Iftar, dem Fastenbrechen, um Bindungen zu kn\u00fcpfen und Traditionen zu teilen. Der Monat f\u00f6rdert auch wohlt\u00e4tige Taten, und viele Muslime praktizieren Zakat, die Praxis des Gebens an Bed\u00fcrftige. In diesem Jahr beginnt der Ramadan voraussichtlich am Abend des 10. M\u00e4rz, abh\u00e4ngig von der Mondsichtung, und bietet eine Zeit der Erneuerung und der Verbundenheit mit Glauben und Gemeinschaft.<\/p>\n<h3>Einf\u00fchrung zum Internationalen Frauentag<\/h3>\n<p>Der Internationale Frauentag, der j\u00e4hrlich am 8. M\u00e4rz gefeiert wird, ist ein weltweiter Anlass, der die Leistungen von Frauen w\u00fcrdigt und sich f\u00fcr die Gleichstellung der Geschlechter einsetzt. Der Tag entstand in den Arbeiterbewegungen des fr\u00fchen 20. Jahrhunderts in Nordamerika und Europa und wurde 1977 von den Vereinten Nationen offiziell anerkannt. Er erinnert an den anhaltenden Kampf f\u00fcr Frauenrechte, wobei jedes Jahr neue Themen entwickelt werden, um dr\u00e4ngende Probleme anzusprechen. Der Internationale Frauentag wird weltweit durch Veranstaltungen, Kampagnen und Bildungsinitiativen gepr\u00e4gt, die den Beitrag von Frauen in verschiedenen Bereichen hervorheben. 2021 lautete das Motto \u201eChoose to Challenge\u201c und ermutigte Menschen, sich gegen geschlechtsspezifische Vorurteile und Ungleichheit zu stellen. Mit seiner reichen Geschichte feiert dieser Tag nicht nur den Fortschritt, sondern spornt auch die Bem\u00fchungen um eine gerechtere Zukunft f\u00fcr alle an.<\/p>\n<h3>Eid al-Fitr Einf\u00fchrung<\/h3>\n<p>Eid al-Fitr, auch bekannt als das \u201eFest des Fastenbrechens\u201c, ist einer der wichtigsten Feiertage im islamischen Kalender und wird von Millionen Muslimen weltweit gefeiert. Eid al-Fitr findet am Ende des Ramadan, dem heiligen Fastenmonat, statt und ist eine Zeit der Freude, Dankbarkeit und Gemeinschaft. Es ist gepr\u00e4gt von gemeinsamen Gebeten, festlichen Mahlzeiten und wohlt\u00e4tigen Taten, die die Bedeutung von Mitgef\u00fchl und Gro\u00dfz\u00fcgigkeit betonen. Interessanterweise variiert das Datum von Eid al-Fitr jedes Jahr, da es auf dem Mondkalender basiert, was zu unterschiedlichen Feierlichkeiten in verschiedenen Kulturen f\u00fchrt. In vielen L\u00e4ndern beginnt der Feiertag mit einem besonderen Gebet in der Moschee, gefolgt von einem Festmahl mit traditionellen Gerichten. Dar\u00fcber hinaus stellt die Tradition des Gebens von Zakat al-Fitr, einer Form des Almosengebens, sicher, dass auch die Bed\u00fcrftigen an den Feierlichkeiten teilnehmen k\u00f6nnen, was den Geist der Einheit und des Teilens st\u00e4rkt.<\/p>","protected":false},"excerpt":{"rendered":"<p>Datum Feiertag 01.01.2026 Neujahr 20.01.2026 Heldentag 18.02.2026 Beginn des Ramadan 08.03.2026 Internationaler Frauentag 20.03.2026 Eid al-Fitr 20.03.2026, 14:46:00 Uhr Tagundnachtgleiche im M\u00e4rz 05.04.2026 Ostersonntag 01.05.2026 Tag der Arbeit 27.05.2026 Eid al-Adha 21.06.2026, 08:24:30 Uhr Tagundnachtgleiche im Juni 23.09.2026, 00:05:13 Uhr Tagundnachtgleiche im September 24.09.2026 Unabh\u00e4ngigkeitstag (Nationalfeiertag) 21.12.2026, 20:50:14 Uhr (UTC) Sonnenwende im Dezember 25.12.2026 Weihnachtstag Neujahrseinf\u00fchrung Neujahr ist ein\u2026<\/p>","protected":false},"author":1,"featured_media":0,"comment_status":"open","ping_status":"open","sticky":false,"template":"","format":"standard","meta":{"_kadence_starter_templates_imported_post":false,"_kad_post_transparent":"","_kad_post_title":"","_kad_post_layout":"","_kad_post_sidebar_id":"","_kad_post_content_style":"","_kad_post_vertical_padding":"","_kad_post_feature":"","_kad_post_feature_position":"","_kad_post_header":false,"_kad_post_footer":false,"slim_seo":{"title":"Public Holidays in Guinea-Bissau for 2026 - Public Holiday Calendar","description":"Date Holiday Name 2026-01-01 New Year 2026-01-20 Heroes Day 2026-02-18 Ramadan Start 2026-03-08 International Women's Day 2026-03-20 Eid al-Fitr 2026-03-20T14:4"},"footnotes":""},"categories":[67,191],"tags":[],"class_list":["post-381","post","type-post","status-publish","format-standard","hentry","category-africa","category-guinea-bissau"],"amp_enabled":true,"_links":{"self":[{"href":"https:\/\/www.publicholidaycalendar.com\/de\/wp-json\/wp\/v2\/posts\/381","targetHints":{"allow":["GET"]}}],"collection":[{"href":"https:\/\/www.publicholidaycalendar.com\/de\/wp-json\/wp\/v2\/posts"}],"about":[{"href":"https:\/\/www.publicholidaycalendar.com\/de\/wp-json\/wp\/v2\/types\/post"}],"author":[{"embeddable":true,"href":"https:\/\/www.publicholidaycalendar.com\/de\/wp-json\/wp\/v2\/users\/1"}],"replies":[{"embeddable":true,"href":"https:\/\/www.publicholidaycalendar.com\/de\/wp-json\/wp\/v2\/comments?post=381"}],"version-history":[{"count":0,"href":"https:\/\/www.publicholidaycalendar.com\/de\/wp-json\/wp\/v2\/posts\/381\/revisions"}],"wp:attachment":[{"href":"https:\/\/www.publicholidaycalendar.com\/de\/wp-json\/wp\/v2\/media?parent=381"}],"wp:term":[{"taxonomy":"category","embeddable":true,"href":"https:\/\/www.publicholidaycalendar.com\/de\/wp-json\/wp\/v2\/categories?post=381"},{"taxonomy":"post_tag","embeddable":true,"href":"https:\/\/www.publicholidaycalendar.com\/de\/wp-json\/wp\/v2\/tags?post=381"}],"curies":[{"name":"wp","href":"https:\/\/api.w.org\/{rel}","templated":true}]}}