{"id":254,"date":"2025-02-21T09:32:54","date_gmt":"2025-02-20T20:32:54","guid":{"rendered":"https:\/\/www.holidayssky.com\/2025\/02\/21\/public-holidays-in-syria-for-2025\/"},"modified":"2025-02-21T09:32:54","modified_gmt":"2025-02-20T20:32:54","slug":"public-holidays-in-syria-for-2025","status":"publish","type":"post","link":"https:\/\/www.publicholidaycalendar.com\/de\/public-holidays-in-syria-for-2025\/","title":{"rendered":"Gesetzliche Feiertage in Syrien f\u00fcr 2025"},"content":{"rendered":"<style>\n            table {\n                width: 100%;\n                border-collapse: collapse;\n            }\n            th {\n                background-color: #ddeeff;\n                font-weight: bold;\n                padding: 10px;\n            }\n            td {\n                padding: 10px;\n                border: 1px solid #ddd;\n            }\n            tr:nth-child(even) {\n                background-color: #f8f8f8;\n            }\n            tr:nth-child(odd) {\n                background-color: #fff;\n            }\n        <\/style>\n<table>\n<tr>\n<th>Datum<\/th>\n<th>Ferien Name<\/th>\n<\/tr>\n<tr>\n<td>2025-01-01<\/td>\n<td>Neujahr<\/td>\n<\/tr>\n<tr>\n<td>2025-01-02<\/td>\n<td>Neujahrsferien<\/td>\n<\/tr>\n<tr>\n<td>2025-03-01<\/td>\n<td>Ramadan Beginn<\/td>\n<\/tr>\n<tr>\n<td>2025-03-08<\/td>\n<td>Tag der Revolution<\/td>\n<\/tr>\n<tr>\n<td>20.03.2025, 12:01:21 Uhr<\/td>\n<td>M\u00e4rz-Tagundnachtgleiche<\/td>\n<\/tr>\n<tr>\n<td>2025-03-21<\/td>\n<td>Muttertag<\/td>\n<\/tr>\n<tr>\n<td>2025-03-31<\/td>\n<td>Eid al-Fitr<\/td>\n<\/tr>\n<tr>\n<td>2025-04-17<\/td>\n<td>Tag der Evakuierung<\/td>\n<\/tr>\n<tr>\n<td>2025-04-20<\/td>\n<td>Ostersonntag<\/td>\n<\/tr>\n<tr>\n<td>2025-04-20<\/td>\n<td>Orthodoxer Ostertag<\/td>\n<\/tr>\n<tr>\n<td>2025-05-01<\/td>\n<td>Tag der Arbeit<\/td>\n<\/tr>\n<tr>\n<td>2025-05-06<\/td>\n<td>Tag der M\u00e4rtyrer<\/td>\n<\/tr>\n<tr>\n<td>2025-06-06<\/td>\n<td>Eid al-Adha<\/td>\n<\/tr>\n<tr>\n<td>2025-06-21T05:42:15+03:00<\/td>\n<td>Juni-Sonnenwende<\/td>\n<\/tr>\n<tr>\n<td>2025-06-27<\/td>\n<td>Muharram<\/td>\n<\/tr>\n<tr>\n<td>2025-08-01<\/td>\n<td>Tag der Streitkr\u00e4fte<\/td>\n<\/tr>\n<tr>\n<td>2025-09-05<\/td>\n<td>Der Geburtstag des Propheten<\/td>\n<\/tr>\n<tr>\n<td>2025-09-22T21:19:22+03:00<\/td>\n<td>September-Tagundnachtgleiche<\/td>\n<\/tr>\n<tr>\n<td>2025-10-06<\/td>\n<td>Oktober Tag der Befreiung<\/td>\n<\/tr>\n<tr>\n<td>21.12.2025, 18:03:05 Uhr<\/td>\n<td>Dezember-Sonnenwende<\/td>\n<\/tr>\n<tr>\n<td>2025-12-25<\/td>\n<td>Weihnachtstag<\/td>\n<\/tr>\n<\/table>\n<h3>Einf\u00fchrung ins neue Jahr<\/h3>\n<p>Neujahr, gefeiert am 1. Januar, markiert den Beginn des gregorianischen Kalenderjahres und ist eine Zeit der Besinnung und Erneuerung. Dieser festliche Anlass wird weltweit begangen, oft mit Feuerwerk, Partys und verschiedenen kulturellen Traditionen. Interessanterweise feiern verschiedene Kulturen das neue Jahr zu unterschiedlichen Zeiten \u2013 wie zum Beispiel das chinesische Neujahr, das \u00fcblicherweise zwischen Ende Januar und Mitte Februar stattfindet, und das j\u00fcdische Neujahr, Rosch ha-Schana, das im Herbst stattfindet. Neujahrsvors\u00e4tze, eine beliebte Tradition, ermutigen Menschen, sich Ziele zur Selbstverbesserung zu setzen und spiegeln den gemeinsamen Wunsch nach pers\u00f6nlichem Wachstum wider. In vielen Gesellschaften symbolisiert das neue Jahr Hoffnung und Neuanfang und vereint Menschen in einem gemeinsamen Fest, das Grenzen und Kulturen \u00fcberwindet.<\/p>\n<h3>Einf\u00fchrung in die Neujahrsfeiertage<\/h3>\n<p>Das Neujahrsfest, das am 1. Januar gefeiert wird, markiert den Beginn eines neuen Kalenderjahres und ist eines der weltweit bekanntesten Feste. Seine Urspr\u00fcnge reichen bis in die Antike zur\u00fcck. Die Babylonier geh\u00f6rten zu den ersten, die vor etwa 4.000 Jahren das neue Jahr feierten. Interessanterweise begr\u00fc\u00dften sie das neue Jahr w\u00e4hrend der Fr\u00fchlingstagundnachtgleiche im M\u00e4rz. Das moderne Datum, der 1. Januar, wurde jedoch 46 v. Chr. von Julius C\u00e4sar im Rahmen der julianischen Kalenderreform festgelegt. Dieser Feiertag steht f\u00fcr Neuanfang, Hoffnung und Besinnung und wird oft von verschiedenen Traditionen wie Feuerwerk, Countdowns und Vors\u00e4tzen zur Selbstverbesserung begleitet. Verschiedene Kulturen haben einzigartige Br\u00e4uche; in Spanien ist es beispielsweise \u00fcblich, um Mitternacht zw\u00f6lf Weintrauben zu essen, um Gl\u00fcck im kommenden Jahr zu bringen. In Japan feiert man mit einem besonderen Essen namens \u201eOsechi\u201c, w\u00e4hrend in Schottland \u201eHogmanay\u201c von lebhaften Stra\u00dfenfesten und der ber\u00fchmten Tradition des \u201eFirst-Footing\u201c gepr\u00e4gt ist. Die Neujahrsfeiertage sind eine Zeit, in der Familien und Freunde zusammenkommen, das vergangene Jahr Revue passieren lassen und sich auf neue M\u00f6glichkeiten freuen. Sie verk\u00f6rpern einen Geist der Erneuerung und Einheit auf der ganzen Welt.<\/p>\n<h3>Ramadan-Start Einf\u00fchrung<\/h3>\n<p>Der Ramadan, der neunte Monat des islamischen Mondkalenders, ist f\u00fcr Muslime weltweit eine heilige Zeit des Fastens, Betens und der Besinnung. Er beginnt mit dem Neumond und ist eine Zeit des spirituellen Wachstums und der Gemeinschaft. In diesem Monat fasten die Gl\u00e4ubigen von Sonnenaufgang bis Sonnenuntergang und verzichten auf Essen, Trinken und andere k\u00f6rperliche Bed\u00fcrfnisse. Dieser Brauch, bekannt als Sawm, f\u00f6rdert das Mitgef\u00fchl f\u00fcr Bed\u00fcrftige und schult die Selbstdisziplin. Interessanterweise variiert die Dauer des Ramadan jedes Jahr und verschiebt sich aufgrund des Mondkalenders j\u00e4hrlich um etwa 10 bis 12 Tage nach vorne. Der Monat gipfelt im Eid al-Fitr, einem festlichen Fest zum Ende des Fastens mit Festmahlen und gemeinsamen Gebeten. Dar\u00fcber hinaus legt der Ramadan Wert auf wohlt\u00e4tige Taten. Viele Muslime spenden in dieser Zeit vermehrt und engagieren sich ehrenamtlich, was die Grundwerte des Islam von Mitgef\u00fchl und Gro\u00dfz\u00fcgigkeit widerspiegelt.<\/p>\n<h3>Einf\u00fchrung zum Revolutionstag<\/h3>\n<p>Der Revolutionstag, der in verschiedenen L\u00e4ndern an unterschiedlichen Tagen gefeiert wird, erinnert an bedeutende Aufst\u00e4nde und das Streben nach Freiheit und Gerechtigkeit. In Mexiko wird er am 20. November begangen, dem Beginn der mexikanischen Revolution im Jahr 1910, die die Diktatur von Porfirio D\u00edaz beenden und tiefe soziale Ungleichheiten beseitigen sollte. Der Tag ist nicht nur ein gesetzlicher Feiertag, sondern auch Anlass f\u00fcr Paraden, kulturelle Veranstaltungen und die Reflexion \u00fcber die K\u00e4mpfe der Nation. Interessanterweise f\u00fchrte diese Revolution zu tiefgreifenden Ver\u00e4nderungen in der mexikanischen Gesellschaft, darunter Landreformen und die Einf\u00fchrung einer Verfassung im Jahr 1917. Andere Nationen, wie beispielsweise \u00c4gypten, feiern \u00e4hnliche Tage, um ihre eigenen Revolutionen zu ehren und dabei die universellen Themen Widerstand und das Streben nach Demokratie hervorzuheben. Der Revolutionstag dient als Erinnerung an die Opfer, die f\u00fcr die Freiheit gebracht wurden, und an den anhaltenden Geist der Widerstandsf\u00e4higkeit innerhalb der Gesellschaften.<\/p>\n<h3>M\u00e4rz-Tagundnachtgleiche Einf\u00fchrung<\/h3>\n<p>Die Tagundnachtgleiche im M\u00e4rz, auch Fr\u00fchlingstagundnachtgleiche genannt, markiert einen bedeutenden Wendepunkt im astronomischen Kalender und findet j\u00e4hrlich um den 20. oder 21. M\u00e4rz statt. Dieses Ereignis symbolisiert den Beginn des Fr\u00fchlings auf der Nordhalbkugel und des Herbstes auf der S\u00fcdhalbkugel. W\u00e4hrend der Tagundnachtgleiche sind Tag und Nacht ungef\u00e4hr gleich lang \u2013 ein Ph\u00e4nomen, das Kulturen und Zivilisationen seit jeher fasziniert. Alte Gesellschaften wie die \u00c4gypter und Maya feierten diese Zeit mit Festen und Ritualen und erkannten ihre Bedeutung f\u00fcr landwirtschaftliche Zyklen. Interessanterweise ist die Tagundnachtgleiche nicht nur ein einzelner Tag; sie stellt eine Verschiebung der Erdneigung dar, die sich auf Klima und Tageslichtstunden auswirkt. W\u00e4hrend die Natur aus dem Winterschlaf erwacht, inspiriert die Tagundnachtgleiche im M\u00e4rz Themen der Erneuerung und Wiedergeburt, die sich in verschiedenen kulturellen Feiern weltweit widerspiegeln, von Holi in Indien bis zu Ostara in heidnischen Traditionen. Dieser Moment bietet eine einzigartige Gelegenheit, \u00fcber Gleichgewicht, Wachstum und die Verbundenheit allen Lebens nachzudenken.<\/p>","protected":false},"excerpt":{"rendered":"<p>Datum Feiertag 01.01.2025 Neujahr 02.01.2025 Neujahrsfeiertag 01.03.2025 Beginn des Ramadan 08.03.2025 Tag der Revolution 20.03.2025T12:01:21+03:00 Tagundnachtgleiche im M\u00e4rz 21.03.2025 Muttertag 31.03.2025 Eid al-Fitr 17.04.2025 Evakuierungstag 20.04.2025 Ostersonntag 20.04.2025 Orthodoxer Ostertag 01.05.2025 Tag der Arbeit 06.05.2025 Tag der M\u00e4rtyrer 06.06.2025 Eid al-Adha 21.06.2025T05:42:15+03:00 27.06.2025 Muharram 01.08.2025 Tag der Streitkr\u00e4fte 05.09.2025 Der\u2026<\/p>","protected":false},"author":1,"featured_media":0,"comment_status":"open","ping_status":"open","sticky":false,"template":"","format":"standard","meta":{"_kadence_starter_templates_imported_post":false,"_kad_post_transparent":"","_kad_post_title":"","_kad_post_layout":"","_kad_post_sidebar_id":"","_kad_post_content_style":"","_kad_post_vertical_padding":"","_kad_post_feature":"","_kad_post_feature_position":"","_kad_post_header":false,"_kad_post_footer":false,"slim_seo":{"title":"Public Holidays in Syria for 2025 - Public Holiday Calendar","description":"Date Holiday Name 2025-01-01 New Year 2025-01-02 New Year Holiday 2025-03-01 Ramadan Start 2025-03-08 Revolution Day 2025-03-20T12:01:21+03:00 March Equinox 202"},"footnotes":""},"categories":[65,110],"tags":[],"class_list":["post-254","post","type-post","status-publish","format-standard","hentry","category-asia","category-syria"],"amp_enabled":true,"_links":{"self":[{"href":"https:\/\/www.publicholidaycalendar.com\/de\/wp-json\/wp\/v2\/posts\/254","targetHints":{"allow":["GET"]}}],"collection":[{"href":"https:\/\/www.publicholidaycalendar.com\/de\/wp-json\/wp\/v2\/posts"}],"about":[{"href":"https:\/\/www.publicholidaycalendar.com\/de\/wp-json\/wp\/v2\/types\/post"}],"author":[{"embeddable":true,"href":"https:\/\/www.publicholidaycalendar.com\/de\/wp-json\/wp\/v2\/users\/1"}],"replies":[{"embeddable":true,"href":"https:\/\/www.publicholidaycalendar.com\/de\/wp-json\/wp\/v2\/comments?post=254"}],"version-history":[{"count":0,"href":"https:\/\/www.publicholidaycalendar.com\/de\/wp-json\/wp\/v2\/posts\/254\/revisions"}],"wp:attachment":[{"href":"https:\/\/www.publicholidaycalendar.com\/de\/wp-json\/wp\/v2\/media?parent=254"}],"wp:term":[{"taxonomy":"category","embeddable":true,"href":"https:\/\/www.publicholidaycalendar.com\/de\/wp-json\/wp\/v2\/categories?post=254"},{"taxonomy":"post_tag","embeddable":true,"href":"https:\/\/www.publicholidaycalendar.com\/de\/wp-json\/wp\/v2\/tags?post=254"}],"curies":[{"name":"wp","href":"https:\/\/api.w.org\/{rel}","templated":true}]}}