{"id":202,"date":"2025-02-21T00:53:20","date_gmt":"2025-02-20T11:53:20","guid":{"rendered":"https:\/\/www.holidayssky.com\/2025\/02\/21\/public-holidays-in-monaco-for-2025\/"},"modified":"2025-02-21T00:53:20","modified_gmt":"2025-02-20T11:53:20","slug":"public-holidays-in-monaco-for-2025","status":"publish","type":"post","link":"https:\/\/www.publicholidaycalendar.com\/de\/public-holidays-in-monaco-for-2025\/","title":{"rendered":"Feiertage in Monaco f\u00fcr 2025"},"content":{"rendered":"<style>\n            table {\n                width: 100%;\n                border-collapse: collapse;\n            }\n            th {\n                background-color: #ddeeff;\n                font-weight: bold;\n                padding: 10px;\n            }\n            td {\n                padding: 10px;\n                border: 1px solid #ddd;\n            }\n            tr:nth-child(even) {\n                background-color: #f8f8f8;\n            }\n            tr:nth-child(odd) {\n                background-color: #fff;\n            }\n        <\/style>\n<table>\n<tr>\n<th>Datum<\/th>\n<th>Ferien Name<\/th>\n<\/tr>\n<tr>\n<td>2025-01-01<\/td>\n<td>Neujahrstag<\/td>\n<\/tr>\n<tr>\n<td>2025-01-27<\/td>\n<td>Tag des Heiligen D\u00e9vote<\/td>\n<\/tr>\n<tr>\n<td>2025-03-20<br \/>T10:01:21+01:00<\/td>\n<td>M\u00e4rz-Tagundnachtgleiche<\/td>\n<\/tr>\n<tr>\n<td>2025-03-30<br \/>T02:00:00+01:00<\/td>\n<td>Beginn der Sommerzeit<\/td>\n<\/tr>\n<tr>\n<td>2025-04-18<\/td>\n<td>Karfreitag<\/td>\n<\/tr>\n<tr>\n<td>2025-04-19<\/td>\n<td>Karsamstag<\/td>\n<\/tr>\n<tr>\n<td>2025-04-20<\/td>\n<td>Ostersonntag<\/td>\n<\/tr>\n<tr>\n<td>2025-04-21<\/td>\n<td>Ostermontag<\/td>\n<\/tr>\n<tr>\n<td>2025-05-01<\/td>\n<td>Tag der Arbeit\/Erster Mai<\/td>\n<\/tr>\n<tr>\n<td>2025-05-25<\/td>\n<td>Muttertag<\/td>\n<\/tr>\n<tr>\n<td>2025-05-29<\/td>\n<td>Himmelfahrtstag<\/td>\n<\/tr>\n<tr>\n<td>2025-06-08<\/td>\n<td>Pfingstsonntag<\/td>\n<\/tr>\n<tr>\n<td>2025-06-09<\/td>\n<td>Pfingstmontag<\/td>\n<\/tr>\n<tr>\n<td>2025-06-15<\/td>\n<td>Vatertag<\/td>\n<\/tr>\n<tr>\n<td>2025-06-19<\/td>\n<td>Fronleichnam<\/td>\n<\/tr>\n<tr>\n<td>2025-06-21<br \/>T04:42:15+02:00<\/td>\n<td>Juni-Sonnenwende<\/td>\n<\/tr>\n<tr>\n<td>2025-06-23<\/td>\n<td>Johannisnacht<\/td>\n<\/tr>\n<tr>\n<td>2025-06-24<\/td>\n<td>Johannistag<\/td>\n<\/tr>\n<tr>\n<td>2025-08-08<\/td>\n<td>Fest des Heiligen Roman Eve<\/td>\n<\/tr>\n<tr>\n<td>2025-08-09<\/td>\n<td>Fest des Heiligen Roman<\/td>\n<\/tr>\n<tr>\n<td>2025-08-15<\/td>\n<td>Mari\u00e4 Himmelfahrt<\/td>\n<\/tr>\n<tr>\n<td>2025-09-22<br \/>T20:19:22+02:00<\/td>\n<td>September-Tagundnachtgleiche<\/td>\n<\/tr>\n<tr>\n<td>2025-10-26<br \/>T03:00:00+02:00<\/td>\n<td>Ende der Sommerzeit<\/td>\n<\/tr>\n<tr>\n<td>2025-11-01<\/td>\n<td>Allerheiligen<\/td>\n<\/tr>\n<tr>\n<td>2025-11-19<\/td>\n<td>Nationalfeiertag<\/td>\n<\/tr>\n<tr>\n<td>2025-12-08<\/td>\n<td>Fest der Unbefleckten Empf\u00e4ngnis<\/td>\n<\/tr>\n<tr>\n<td>2025-12-21<br \/>T16:03:05+01:00<\/td>\n<td>Dezember-Sonnenwende<\/td>\n<\/tr>\n<tr>\n<td>2025-12-24<\/td>\n<td>Heiligabend<\/td>\n<\/tr>\n<tr>\n<td>2025-12-25<\/td>\n<td>Weihnachtstag<\/td>\n<\/tr>\n<tr>\n<td>2025-12-31<\/td>\n<td>Silvester<\/td>\n<\/tr>\n<\/table>\n<h3>Einf\u00fchrung zum Neujahrstag<\/h3>\n<p>Neujahr, gefeiert am 1. Januar, markiert den Beginn des gregorianischen Kalenderjahres und wird in zahlreichen Kulturen weltweit begangen. Dieser festliche Anlass ist eine Zeit der Besinnung, der Entschlossenheit und der Erneuerung und wird oft durch verschiedene Traditionen wie Feuerwerke, Paraden und Familientreffen gepr\u00e4gt. Interessanterweise widmeten die alten R\u00f6mer diesen Tag Janus, dem Gott der Anf\u00e4nge, der mit zwei Gesichtern dargestellt wird \u2013 eines blickt zur\u00fcck in die Vergangenheit, das andere in die Zukunft. In vielen L\u00e4ndern feiern die Menschen mit einzigartigen Br\u00e4uchen, wie zum Beispiel dem Essen von zw\u00f6lf Weintrauben um Mitternacht in Spanien als Gl\u00fccksbringer oder dem L\u00e4rmen, um b\u00f6se Geister in D\u00e4nemark abzuwehren. Neujahr dient auch als Erinnerung an den Lauf der Zeit und inspiriert dazu, sich pers\u00f6nliche Ziele und Vors\u00e4tze f\u00fcr das kommende Jahr zu setzen.<\/p>\n<h3>Einf\u00fchrung zum Tag des Heiligen D\u00e9vote<\/h3>\n<p>Der Saint-D\u00e9vote-Tag, der am 27. Januar gefeiert wird, ist ein lebendiger und beliebter Feiertag, vor allem im F\u00fcrstentum Monaco. An diesem Tag wird die Heilige D\u00e9vote, die Schutzpatronin von Monaco, geehrt, die im 3. Jahrhundert eine christliche M\u00e4rtyrerin gewesen sein soll. Einer lokalen Legende zufolge wurden ihre sterblichen \u00dcberreste auf wundersame Weise von einer Taube nach Monaco gebracht, die Reinheit und g\u00f6ttlichen Schutz symbolisiert. Die Feierlichkeiten umfassen eine farbenfrohe Prozession, traditionelle Musik und die zeremonielle Segnung von Booten, die das tiefe maritime Erbe der Region widerspiegeln. Ein faszinierender Aspekt des Saint-D\u00e9vote-Tages ist das Ritual des Verbrennens einer kleinen Nachbildung eines Bootes, das die Verbundenheit der Gemeinde mit dem Meer und seinen Segnungen symbolisiert. Dieses lebendige Ereignis st\u00e4rkt nicht nur die kulturellen Bindungen, sondern zeigt auch Monacos einzigartige Mischung aus religi\u00f6ser Ehrfurcht und festlicher Stimmung. Der Tag ist ein gesetzlicher Feiertag, an dem sowohl Einheimische als auch Touristen teilnehmen k\u00f6nnen, was ihn zu einem bedeutenden Datum im monegassischen Kalender macht.<\/p>\n<h3>M\u00e4rz-Tagundnachtgleiche Einf\u00fchrung<\/h3>\n<p>Die Tagundnachtgleiche im M\u00e4rz, auf der Nordhalbkugel auch Fr\u00fchlingstagundnachtgleiche genannt, findet jedes Jahr um den 20. oder 21. M\u00e4rz statt und markiert den offiziellen Fr\u00fchlingsbeginn. Dieses astronomische Ereignis markiert den Zeitpunkt, an dem die Sonne den Himmels\u00e4quator \u00fcberquert, wodurch Tag und Nacht weltweit nahezu gleich lang sind. Kulturen rund um den Globus feiern diesen \u00dcbergang, der Erneuerung, Fruchtbarkeit und das Erwachen der Natur nach dem Winterschlaf symbolisiert. Alte Zivilisationen wie die Maya und die \u00c4gypter begingen die Tagundnachtgleiche f\u00fcr landwirtschaftliche Planung und spirituelle Feste. In der heutigen Zeit inspiriert sie verschiedene Traditionen, vom persischen Neujahrsfest Nouruz bis hin zu Initiativen zum Tag der Erde, die sich f\u00fcr Umweltbewusstsein einsetzen. Die Tagundnachtgleiche im M\u00e4rz k\u00fcndigt nicht nur w\u00e4rmeres Wetter an, sondern erinnert auch an das Gleichgewicht der Natur und die zyklischen Rhythmen, die unseren Planeten bestimmen.<\/p>\n<h3>Beginn der Sommerzeit Einf\u00fchrung<\/h3>\n<p>Die Sommerzeit (DST) beginnt jedes Jahr im Fr\u00fchling, typischerweise am zweiten Sonntag im M\u00e4rz. Sie markiert einen saisonalen Wechsel, der zu l\u00e4ngeren Abendstunden f\u00fchrt. Diese Praxis wurde erstmals 1784 von Benjamin Franklin als M\u00f6glichkeit zur Energieeinsparung vorgeschlagen und w\u00e4hrend des Ersten und Zweiten Weltkriegs offiziell eingef\u00fchrt, um das Tageslicht f\u00fcr die Kriegsproduktion zu maximieren. Interessanterweise wird die Sommerzeit nicht in allen Regionen eingehalten; Arizona und Hawaii beispielsweise behalten die Standardzeit das ganze Jahr \u00fcber bei. Die Umstellung kann sich auf alles auswirken, vom Schlafverhalten bis zum Energieverbrauch, und l\u00f6st Debatten \u00fcber ihre Wirksamkeit aus. Mit der Uhrenumstellung feiern viele Gemeinden den Fr\u00fchlingsanfang und betonen so das Zusammenspiel von Zeit, Natur und menschlicher Aktivit\u00e4t.<\/p>\n<h3>Karfreitag Einf\u00fchrung<\/h3>\n<p>Der Karfreitag, der von Christen weltweit begangen wird, erinnert an die Kreuzigung Jesu Christi und seinen Tod auf Golgatha. Dieser feierliche Tag f\u00e4llt auf den Freitag vor Ostersonntag und ist Teil der Karwoche, zu der auch Palmsonntag und Gr\u00fcndonnerstag geh\u00f6ren. Traditionell gepr\u00e4gt von Fasten und Besinnung, dient der Karfreitag als eindringliche Erinnerung an Opfer und Erl\u00f6sung. Interessanterweise variiert das Datum des Karfreitags jedes Jahr, da es vom Mondkalender bestimmt wird und zwischen dem 20. M\u00e4rz und dem 23. April liegt. Viele Kulturen haben einzigartige Br\u00e4uche, die mit diesem Tag verbunden sind; so ist es beispielsweise in manchen L\u00e4ndern \u00fcblich, Prozessionen oder Nachstellungen der Passion Christi abzuhalten. Der Karfreitag inspiriert auch eine Reihe k\u00fcnstlerischer Ausdrucksformen, von feierlichen Hymnen bis hin zu dramatischen Theaterst\u00fccken, die sich mit Themen wie Leid und Hoffnung auseinandersetzen.<\/p>","protected":false},"excerpt":{"rendered":"<p>Datum Feiertag Name 01.01.2025 Neujahr 27.01.2025 Tag der Heiligen Jungfrau 20.03.2025T10:01:21+01:00 Tagundnachtgleiche im M\u00e4rz 30.03.2025T02:00:00+01:00 Beginn der Sommerzeit 18.04.2025 Karfreitag 19.04.2025 Karsamstag 20.04.2025 Ostersonntag 21.04.2025 Ostermontag 01.05.2025 Tag der Arbeit\/Erster Mai 25.05.2025 Muttertag 29.05.2025 Christi Himmelfahrt 08.06.2025 Pfingstsonntag 09.06.2025 Pfingstmontag 15.06.2025 Vatertag 19.06.2025 Fronleichnam 21.06.2025T04:42:15+02:00 Juni\u2026<\/p>","protected":false},"author":1,"featured_media":0,"comment_status":"open","ping_status":"open","sticky":false,"template":"","format":"standard","meta":{"_kadence_starter_templates_imported_post":false,"_kad_post_transparent":"","_kad_post_title":"","_kad_post_layout":"","_kad_post_sidebar_id":"","_kad_post_content_style":"","_kad_post_vertical_padding":"","_kad_post_feature":"","_kad_post_feature_position":"","_kad_post_header":false,"_kad_post_footer":false,"slim_seo":{"title":"Public Holidays in Monaco for 2025 - Public Holiday Calendar","description":"Date Holiday Name 2025-01-01 New Year's Day 2025-01-27 Saint D\u00e9vote's Day 2025-03-20 T10:01:21+01:00 March Equinox 2025-03-30 T02:00:00+01:00 Daylight Saving Ti"},"footnotes":""},"categories":[66,147],"tags":[],"class_list":["post-202","post","type-post","status-publish","format-standard","hentry","category-europe","category-monaco"],"amp_enabled":true,"_links":{"self":[{"href":"https:\/\/www.publicholidaycalendar.com\/de\/wp-json\/wp\/v2\/posts\/202","targetHints":{"allow":["GET"]}}],"collection":[{"href":"https:\/\/www.publicholidaycalendar.com\/de\/wp-json\/wp\/v2\/posts"}],"about":[{"href":"https:\/\/www.publicholidaycalendar.com\/de\/wp-json\/wp\/v2\/types\/post"}],"author":[{"embeddable":true,"href":"https:\/\/www.publicholidaycalendar.com\/de\/wp-json\/wp\/v2\/users\/1"}],"replies":[{"embeddable":true,"href":"https:\/\/www.publicholidaycalendar.com\/de\/wp-json\/wp\/v2\/comments?post=202"}],"version-history":[{"count":0,"href":"https:\/\/www.publicholidaycalendar.com\/de\/wp-json\/wp\/v2\/posts\/202\/revisions"}],"wp:attachment":[{"href":"https:\/\/www.publicholidaycalendar.com\/de\/wp-json\/wp\/v2\/media?parent=202"}],"wp:term":[{"taxonomy":"category","embeddable":true,"href":"https:\/\/www.publicholidaycalendar.com\/de\/wp-json\/wp\/v2\/categories?post=202"},{"taxonomy":"post_tag","embeddable":true,"href":"https:\/\/www.publicholidaycalendar.com\/de\/wp-json\/wp\/v2\/tags?post=202"}],"curies":[{"name":"wp","href":"https:\/\/api.w.org\/{rel}","templated":true}]}}