{"id":170,"date":"2025-02-21T00:40:22","date_gmt":"2025-02-20T11:40:22","guid":{"rendered":"https:\/\/www.holidayssky.com\/2025\/02\/21\/public-holidays-in-italy-for-2025\/"},"modified":"2025-02-21T00:40:22","modified_gmt":"2025-02-20T11:40:22","slug":"public-holidays-in-italy-for-2025","status":"publish","type":"post","link":"https:\/\/www.publicholidaycalendar.com\/de\/public-holidays-in-italy-for-2025\/","title":{"rendered":"Gesetzliche Feiertage in Italien f\u00fcr 2025"},"content":{"rendered":"<style>\n            table {\n                width: 100%;\n                border-collapse: collapse;\n            }\n            th {\n                background-color: #ddeeff;\n                font-weight: bold;\n                padding: 10px;\n            }\n            td {\n                padding: 10px;\n                border: 1px solid #ddd;\n            }\n            tr:nth-child(even) {\n                background-color: #f8f8f8;\n            }\n            tr:nth-child(odd) {\n                background-color: #fff;\n            }\n        <\/style>\n<table>\n<tr>\n<th>Datum<\/th>\n<th>Ferien Name<\/th>\n<\/tr>\n<tr>\n<td>2025-01-01<\/td>\n<td>Neujahrstag<\/td>\n<\/tr>\n<tr>\n<td>2025-01-06<\/td>\n<td>Offenbarung<\/td>\n<\/tr>\n<tr>\n<td>2025-03-05<\/td>\n<td>Aschermittwoch<\/td>\n<\/tr>\n<tr>\n<td>2025-03-19<\/td>\n<td>Vatertag<\/td>\n<\/tr>\n<tr>\n<td>2025-03-20<br \/>T10:01:21+01:00<\/td>\n<td>M\u00e4rz-Tagundnachtgleiche<\/td>\n<\/tr>\n<tr>\n<td>2025-04-18<\/td>\n<td>Karfreitag<\/td>\n<\/tr>\n<tr>\n<td>2025-04-20<\/td>\n<td>Ostersonntag<\/td>\n<\/tr>\n<tr>\n<td>2025-04-21<\/td>\n<td>Ostermontag<\/td>\n<\/tr>\n<tr>\n<td>2025-04-25<\/td>\n<td>Tag der Befreiung<\/td>\n<\/tr>\n<tr>\n<td>2025-04-25<\/td>\n<td>Das Fest des Heiligen Markus (Venedig)<\/td>\n<\/tr>\n<tr>\n<td>2025-05-01<\/td>\n<td>Tag der Arbeit \/ Erster Mai<\/td>\n<\/tr>\n<tr>\n<td>2025-05-11<\/td>\n<td>Muttertag<\/td>\n<\/tr>\n<tr>\n<td>2025-06-02<\/td>\n<td>Tag der Republik<\/td>\n<\/tr>\n<tr>\n<td>2025-06-21<br \/>T04:42:15+02:00<\/td>\n<td>Juni-Sonnenwende<\/td>\n<\/tr>\n<tr>\n<td>2025-06-24<\/td>\n<td>Das Fest des Heiligen Johannes (Florenz, Genua, Turin)<\/td>\n<\/tr>\n<tr>\n<td>2025-06-29<\/td>\n<td>Das Fest der Heiligen Petrus und Paulus (Rom)<\/td>\n<\/tr>\n<tr>\n<td>2025-08-15<\/td>\n<td>Mari\u00e4 Himmelfahrt<\/td>\n<\/tr>\n<tr>\n<td>2025-08-15<\/td>\n<td>Ferragosto<\/td>\n<\/tr>\n<tr>\n<td>2025-09-19<\/td>\n<td>Das Fest des Heiligen Januarius (Neapel)<\/td>\n<\/tr>\n<tr>\n<td>2025-09-22<br \/>T20:19:22+02:00<\/td>\n<td>September-Tagundnachtgleiche<\/td>\n<\/tr>\n<tr>\n<td>2025-11-01<\/td>\n<td>Allerheiligen<\/td>\n<\/tr>\n<tr>\n<td>2025-12-07<\/td>\n<td>Das Fest des Heiligen Ambrosius (Mailand)<\/td>\n<\/tr>\n<tr>\n<td>2025-12-08<\/td>\n<td>Fest der Unbefleckten Empf\u00e4ngnis<\/td>\n<\/tr>\n<tr>\n<td>2025-12-21<br \/>T16:03:05+01:00<\/td>\n<td>Dezember-Sonnenwende<\/td>\n<\/tr>\n<tr>\n<td>2025-12-25<\/td>\n<td>Weihnachtstag<\/td>\n<\/tr>\n<tr>\n<td>2025-12-26<\/td>\n<td>Stephanstag<\/td>\n<\/tr>\n<tr>\n<td>2025-12-31<\/td>\n<td>Silvester<\/td>\n<\/tr>\n<\/table>\n<h3>Einf\u00fchrung zum Neujahrstag<\/h3>\n<p>Der Neujahrstag, der am 1. Januar gefeiert wird, markiert den Beginn des gregorianischen Kalenderjahres \u2013 eine Tradition, deren Wurzeln bis in die Antike zur\u00fcckreichen. Die fr\u00fchesten \u00fcberlieferten Feierlichkeiten gehen \u00fcber 4.000 Jahre zur\u00fcck auf die Babylonier, die das neue Jahr zur Fr\u00fchlingstagundnachtgleiche im M\u00e4rz feierten. Heute ist es ein weltweites Ereignis mit vielf\u00e4ltigen Br\u00e4uchen und Traditionen. In vielen Kulturen symbolisiert er Erneuerung und Neuanfang und regt dazu an, \u00fcber das vergangene Jahr nachzudenken und Vors\u00e4tze f\u00fcr das kommende Jahr zu fassen. Die Festivit\u00e4ten reichen von Feuerwerken und Paraden bis hin zu Familientreffen und Festen, wobei jede Kultur ihre eigene Note hinzuf\u00fcgt. In Japan beispielsweise besuchen die Menschen Schreine, w\u00e4hrend in Spanien das Essen von zw\u00f6lf Weintrauben um Mitternacht eine beliebte Tradition ist, um Gl\u00fcck zu bringen. Interessanterweise ist Neujahr einer der am meisten gefeierten Feiertage weltweit und vereint Menschen in ihren Hoffnungen und W\u00fcnschen auf ein besseres Jahr.<\/p>\n<h3>Epiphanie Einf\u00fchrung<\/h3>\n<p>Der Dreik\u00f6nigstag, auch Dreik\u00f6nigstag genannt, wird am 6. Januar gefeiert und markiert in vielen christlichen Traditionen den H\u00f6hepunkt der Weihnachtszeit. Dieser Feiertag erinnert an die Offenbarung Christi vor den Heiden, dargestellt durch den Besuch der Heiligen Drei K\u00f6nige, die dem Stern nach Bethlehem folgten. Interessanterweise wird der Dreik\u00f6nigstag in manchen Kulturen als bedeutsamer angesehen als Weihnachten selbst. Die Traditionen variieren weltweit, von der k\u00f6stlichen Galette des Rois in Frankreich bis zu den farbenfrohen Paraden in Mexiko. In vielen ostorthodoxen Kirchen wird der Dreik\u00f6nigstag mit der Taufe Jesu im Jordan in Verbindung gebracht, was die doppelte Bedeutung dieses Feiertags unterstreicht. Der Dreik\u00f6nigstag dient als Erinnerung an Licht und Offenbarung und feiert die universelle Natur der Botschaft Christi.<\/p>\n<h3>Aschermittwoch Einf\u00fchrung<\/h3>\n<p>Aschermittwoch markiert den Beginn der Fastenzeit im christlichen Kalender, einer feierlichen Zeit der Besinnung, Bu\u00dfe und Vorbereitung auf Ostern. Dieser Tag, der 46 Tage vor Ostersonntag begangen wird, ist f\u00fcr Christen weltweit von gro\u00dfer Bedeutung. Am Aschermittwoch besuchen Gl\u00e4ubige Gottesdienste und erhalten dort Asche, typischerweise aus den verbrannten Palmen des Palmsonntags des Vorjahres, als Symbol f\u00fcr Sterblichkeit und Reue. Die Asche wird oft kreuzf\u00f6rmig auf die Stirn aufgetragen, begleitet von den Worten: \u201eBedenke, dass du Staub bist und zum Staub zur\u00fcckkehren wirst.\u201c Dieser Brauch erinnert an die menschliche Schw\u00e4che und das Bed\u00fcrfnis nach spiritueller Erneuerung. Interessanterweise reicht die Tradition des Aschermittwochs bis in die fr\u00fche Kirche zur\u00fcck, und trotz seines d\u00fcsteren Charakters hat er sich zu einem kraftvollen Ritual entwickelt, das zur Selbstreflexion und einer tieferen Verbindung zum Glauben anregt. Als Tag des Fastens und Betens verpflichten sich viele auch, w\u00e4hrend der Fastenzeit auf bestimmten Luxus zu verzichten oder neue spirituelle Praktiken anzunehmen, um das Thema Opferbereitschaft und Wachstum in Vorbereitung auf das Osterfest zu bekr\u00e4ftigen.<\/p>\n<h3>Einf\u00fchrung zum Vatertag<\/h3>\n<p>Der Vatertag ist ein besonderer Anlass, V\u00e4ter und Vaterfiguren zu ehren und ihre wichtige Rolle in unserem Leben zu feiern. In vielen L\u00e4ndern wird er am dritten Sonntag im Juni begangen, seine Wurzeln reichen bis ins fr\u00fche 20. Jahrhundert zur\u00fcck. Der erste anerkannte Vatertag wurde 1910 in Spokane, Washington, gefeiert und von Sonora Smart Dodd initiiert. Sie wollte einen Tag schaffen, um ihren Vater zu ehren, einen B\u00fcrgerkriegsveteranen, der alleinerziehend sechs Kinder gro\u00dfzog. Interessanterweise gewann der Feiertag zwar in den USA an Popularit\u00e4t, wurde aber erst 1972 von Pr\u00e4sident Richard Nixon offiziell zum Nationalfeiertag erkl\u00e4rt. Heute wird der Vatertag mit verschiedenen Traditionen gefeiert, von herzlichen Karten und Geschenken bis hin zu Familientreffen und Outdoor-Aktivit\u00e4ten, die die einzigartige Bindung zwischen V\u00e4tern und ihren Kindern widerspiegeln. Weltweit variieren Datum und Br\u00e4uche, einige L\u00e4nder wie Australien und Neuseeland feiern ihn auch am ersten Sonntag im September. Dieser Tag erinnert an die Liebe, F\u00fchrung und Unterst\u00fctzung, die V\u00e4ter bieten, und ist daher f\u00fcr Familien weltweit ein gesch\u00e4tztes Ereignis.<\/p>\n<h3>M\u00e4rz-Tagundnachtgleiche Einf\u00fchrung<\/h3>\n<p>Die Tagundnachtgleiche im M\u00e4rz, die jedes Jahr um den 20. oder 21. M\u00e4rz stattfindet, markiert einen entscheidenden Moment im astronomischen Kalender und l\u00e4utet den Fr\u00fchlingsanfang auf der Nordhalbkugel und den Herbst auf der S\u00fcdhalbkugel ein. Kennzeichnend f\u00fcr dieses Ereignis sind die nahezu gleich langen Tag- und Nachtl\u00e4ngen \u2013 ein Ph\u00e4nomen, das durch die Neigung der Erdachse entsteht. Viele Kulturen feiern diesen \u00dcbergang mit Festen, die Wiedergeburt und Erneuerung symbolisieren. So feiert beispielsweise das persische Fest Nouruz das neue Jahr und den Fr\u00fchlingsanfang, w\u00e4hrend viele indigene Gemeinschaften das Gleichgewicht der Natur ehren. Auch in der Landwirtschaft spielt die Tagundnachtgleiche eine entscheidende Rolle, da sie von Landwirten oft als Orientierung f\u00fcr die Aussaat genutzt wird. Interessanterweise kann der genaue Zeitpunkt der Tagundnachtgleiche aufgrund der elliptischen Erdumlaufbahn jedes Jahr leicht variieren, was sie zu einem faszinierenden Thema f\u00fcr Astronomen und Naturliebhaber macht.<\/p>","protected":false},"excerpt":{"rendered":"<p>Datum Feiertag Name 01.01.2025 Neujahr 06.01.2025 Dreik\u00f6nigstag 05.03.2025 Aschermittwoch 19.03.2025 Vatertag 20.03.2025T10:01:21+01:00 Tagundnachtgleiche im M\u00e4rz 18.04.2025 Karfreitag 20.04.2025 Ostersonntag 21.04.2025 Ostermontag 25.04.2025 Tag der Befreiung 25.04.2025 Markusfest (Venedig) 01.05.2025 Tag der Arbeit \/ Erster Mai 11.05.2025 Muttertag 02.06.2025 Tag der Republik 21.06.2025T04:42:15+02:00 24.06.2025 Das Fest\u2026<\/p>","protected":false},"author":1,"featured_media":0,"comment_status":"open","ping_status":"open","sticky":false,"template":"","format":"standard","meta":{"_kadence_starter_templates_imported_post":false,"_kad_post_transparent":"","_kad_post_title":"","_kad_post_layout":"","_kad_post_sidebar_id":"","_kad_post_content_style":"","_kad_post_vertical_padding":"","_kad_post_feature":"","_kad_post_feature_position":"","_kad_post_header":false,"_kad_post_footer":false,"slim_seo":{"title":"Public Holidays in Italy for 2025 - Public Holiday Calendar","description":"Date Holiday Name 2025-01-01 New Year's Day 2025-01-06 Epiphany 2025-03-05 Ash Wednesday 2025-03-19 Father's Day 2025-03-20 T10:01:21+01:00 March Equinox 2025-0"},"footnotes":""},"categories":[66,139],"tags":[],"class_list":["post-170","post","type-post","status-publish","format-standard","hentry","category-europe","category-italy"],"amp_enabled":true,"_links":{"self":[{"href":"https:\/\/www.publicholidaycalendar.com\/de\/wp-json\/wp\/v2\/posts\/170","targetHints":{"allow":["GET"]}}],"collection":[{"href":"https:\/\/www.publicholidaycalendar.com\/de\/wp-json\/wp\/v2\/posts"}],"about":[{"href":"https:\/\/www.publicholidaycalendar.com\/de\/wp-json\/wp\/v2\/types\/post"}],"author":[{"embeddable":true,"href":"https:\/\/www.publicholidaycalendar.com\/de\/wp-json\/wp\/v2\/users\/1"}],"replies":[{"embeddable":true,"href":"https:\/\/www.publicholidaycalendar.com\/de\/wp-json\/wp\/v2\/comments?post=170"}],"version-history":[{"count":0,"href":"https:\/\/www.publicholidaycalendar.com\/de\/wp-json\/wp\/v2\/posts\/170\/revisions"}],"wp:attachment":[{"href":"https:\/\/www.publicholidaycalendar.com\/de\/wp-json\/wp\/v2\/media?parent=170"}],"wp:term":[{"taxonomy":"category","embeddable":true,"href":"https:\/\/www.publicholidaycalendar.com\/de\/wp-json\/wp\/v2\/categories?post=170"},{"taxonomy":"post_tag","embeddable":true,"href":"https:\/\/www.publicholidaycalendar.com\/de\/wp-json\/wp\/v2\/tags?post=170"}],"curies":[{"name":"wp","href":"https:\/\/api.w.org\/{rel}","templated":true}]}}