{"id":162,"date":"2025-02-21T00:37:38","date_gmt":"2025-02-20T11:37:38","guid":{"rendered":"https:\/\/www.holidayssky.com\/2025\/02\/21\/public-holidays-in-hungary-for-2025\/"},"modified":"2025-02-21T00:37:38","modified_gmt":"2025-02-20T11:37:38","slug":"public-holidays-in-hungary-for-2025","status":"publish","type":"post","link":"https:\/\/www.publicholidaycalendar.com\/de\/public-holidays-in-hungary-for-2025\/","title":{"rendered":"Gesetzliche Feiertage in Ungarn f\u00fcr 2025"},"content":{"rendered":"<style>\n            table {\n                width: 100%;\n                border-collapse: collapse;\n            }\n            th {\n                background-color: #ddeeff;\n                font-weight: bold;\n                padding: 10px;\n            }\n            td {\n                padding: 10px;\n                border: 1px solid #ddd;\n            }\n            tr:nth-child(even) {\n                background-color: #f8f8f8;\n            }\n            tr:nth-child(odd) {\n                background-color: #fff;\n            }\n        <\/style>\n<table>\n<tr>\n<th>Datum<\/th>\n<th>Ferien Name<\/th>\n<\/tr>\n<tr>\n<td>2025-01-01<\/td>\n<td>Neujahrstag<\/td>\n<\/tr>\n<tr>\n<td>2025-03-15<\/td>\n<td>Gedenktag zur Revolution von 1848<\/td>\n<\/tr>\n<tr>\n<td>2025-03-20<br \/>T10:01:21+01:00<\/td>\n<td>M\u00e4rz-Tagundnachtgleiche<\/td>\n<\/tr>\n<tr>\n<td>2025-04-18<\/td>\n<td>Karfreitag<\/td>\n<\/tr>\n<tr>\n<td>2025-04-20<\/td>\n<td>Ostersonntag<\/td>\n<\/tr>\n<tr>\n<td>2025-04-21<\/td>\n<td>Ostermontag<\/td>\n<\/tr>\n<tr>\n<td>2025-05-01<\/td>\n<td>Tag der Arbeit \/ Erster Mai<\/td>\n<\/tr>\n<tr>\n<td>2025-05-02<\/td>\n<td>Tag der Arbeit<\/td>\n<\/tr>\n<tr>\n<td>2025-05-04<\/td>\n<td>Muttertag<\/td>\n<\/tr>\n<tr>\n<td>2025-05-17<\/td>\n<td>Zus\u00e4tzlicher Arbeitstag<\/td>\n<\/tr>\n<tr>\n<td>2025-06-08<\/td>\n<td>Pfingstsonntag<\/td>\n<\/tr>\n<tr>\n<td>2025-06-09<\/td>\n<td>Pfingstmontag<\/td>\n<\/tr>\n<tr>\n<td>2025-06-15<\/td>\n<td>Vatertag<\/td>\n<\/tr>\n<tr>\n<td>2025-06-21<br \/>T04:42:15+02:00<\/td>\n<td>Juni-Sonnenwende<\/td>\n<\/tr>\n<tr>\n<td>2025-08-20<\/td>\n<td>Ungarischer Nationalfeiertag<\/td>\n<\/tr>\n<tr>\n<td>2025-09-22<br \/>T20:19:22+02:00<\/td>\n<td>September-Tagundnachtgleiche<\/td>\n<\/tr>\n<tr>\n<td>2025-10-18<\/td>\n<td>Zus\u00e4tzlicher Arbeitstag<\/td>\n<\/tr>\n<tr>\n<td>2025-10-23<\/td>\n<td>Gedenktag zur Revolution von 1956<\/td>\n<\/tr>\n<tr>\n<td>2025-10-24<\/td>\n<td>Gedenktag zur Revolution von 1956<\/td>\n<\/tr>\n<tr>\n<td>2025-11-01<\/td>\n<td>Allerheiligen<\/td>\n<\/tr>\n<tr>\n<td>2025-12-06<\/td>\n<td>Nikolaustag<\/td>\n<\/tr>\n<tr>\n<td>2025-12-13<\/td>\n<td>Zus\u00e4tzlicher Arbeitstag<\/td>\n<\/tr>\n<tr>\n<td>2025-12-21<br \/>T16:03:05+01:00<\/td>\n<td>Dezember-Sonnenwende<\/td>\n<\/tr>\n<tr>\n<td>2025-12-24<\/td>\n<td>Heiligabend<\/td>\n<\/tr>\n<tr>\n<td>2025-12-25<\/td>\n<td>Weihnachtstag<\/td>\n<\/tr>\n<tr>\n<td>2025-12-26<\/td>\n<td>Zweiter Weihnachtstag<\/td>\n<\/tr>\n<tr>\n<td>2025-12-31<\/td>\n<td>Silvester<\/td>\n<\/tr>\n<\/table>\n<h3>Einf\u00fchrung zum Neujahrstag<\/h3>\n<p>Neujahr, gefeiert am 1. Januar, markiert den Beginn des gregorianischen Kalenderjahres \u2013 eine Tradition, die bis ins Jahr 1582 zur\u00fcckreicht, als Papst Gregor XIII. sie einf\u00fchrte. Dieser Feiertag symbolisiert Neuanf\u00e4nge und Neustarts und regt dazu an, \u00fcber das vergangene Jahr nachzudenken und Vors\u00e4tze zur Selbstverbesserung zu fassen. Interessanterweise haben verschiedene Kulturen ihre eigene Art, das neue Jahr einzul\u00e4uten. In Spanien beispielsweise verzehren die Menschen um Mitternacht zw\u00f6lf Weintrauben \u2013 eine f\u00fcr jeden Glockenschlag \u2013, um Gl\u00fcck zu bringen. In Japan feiern Familien mit traditionellen Speisen und Ritualen, wie dem L\u00e4uten der Tempelglocken, um das Ungl\u00fcck des vergangenen Jahres zu vertreiben. Weltweit erhellen Feuerwerke und fr\u00f6hliche Festlichkeiten den Nachthimmel, w\u00e4hrend viele an Paraden und Versammlungen teilnehmen und so den universellen Wunsch nach Erneuerung und Hoffnung f\u00fcr die Zukunft unterstreichen. Neujahr ist nicht nur ein Fest; es verk\u00f6rpert die Widerstandsf\u00e4higkeit des menschlichen Geistes und das zeitlose Streben nach einer besseren Zukunft.<\/p>\n<h3>Einf\u00fchrung zum Gedenktag der Revolution von 1848<\/h3>\n<p>Der Gedenktag an die Revolution von 1848 erinnert an die entscheidenden Aufst\u00e4nde, die 1848, bekannt als \u201eV\u00f6lkerfr\u00fchling\u201c, Europa ersch\u00fctterten. Diese Welle von Revolutionen zielte auf demokratische Reformen, nationale Unabh\u00e4ngigkeit und soziale Gerechtigkeit und markierte einen bedeutenden Wandel in der politischen Landschaft. Interessanterweise wurden diese Revolten durch weit verbreitete Unzufriedenheit mit autokratischer Herrschaft, wirtschaftliche Not und den Wunsch nach nationaler Selbstbestimmung angeheizt. L\u00e4nder wie Frankreich, Deutschland und Ungarn erlebten massive Proteste und die Gr\u00fcndung kurzlebiger Republiken. Der Tag dient nicht nur der Erinnerung an den Kampf um Freiheit und Gleichheit, sondern auch als Mahnung an den ungebrochenen Geist revolution\u00e4rer Ideale, der bis heute Bewegungen inspiriert. Die Feier dieses Tages f\u00f6rdert ein tieferes Verst\u00e4ndnis des historischen Kontexts und des anhaltenden Strebens nach Demokratie in verschiedenen Teilen der Welt.<\/p>\n<h3>M\u00e4rz-Tagundnachtgleiche Einf\u00fchrung<\/h3>\n<p>Die Tagundnachtgleiche im M\u00e4rz, auch Fr\u00fchlingstagundnachtgleiche genannt, markiert einen bedeutenden Wendepunkt im Jahreszyklus der Erde. Sie findet um den 20. oder 21. M\u00e4rz auf der Nordhalbkugel statt und signalisiert den Fr\u00fchlingsanfang, wenn Tag und Nacht nahezu gleich lang sind. In verschiedenen Kulturen gefeiert, symbolisiert sie Wiedergeburt, Erneuerung und Gleichgewicht. Historisch betrachtet begingen viele alte Zivilisationen, wie die Maya und die \u00c4gypter, diesen Tag f\u00fcr landwirtschaftliche Planung und religi\u00f6se Zeremonien. Interessanterweise geht es bei der Tagundnachtgleiche nicht nur um die Natur; sie unterstreicht auch die Verbundenheit der Menschheit mit dem Kosmos, da sie ein globales Ph\u00e4nomen ist, das weltweit gleichzeitig auftritt. Wenn die Tage l\u00e4nger und w\u00e4rmer werden, pflegen die Menschen verschiedene Traditionen, vom Pflanzen von Samen bis hin zu Festen, die das Erwachen des Lebens nach dem Winter ehren. Die Tagundnachtgleiche im M\u00e4rz erinnert an die Rhythmen der Natur und unseren Platz darin und f\u00f6rdert ein Gef\u00fchl der Hoffnung und Erneuerung.<\/p>\n<h3>Karfreitag Einf\u00fchrung<\/h3>\n<p>Der Karfreitag, der von Christen weltweit begangen wird, erinnert an die Kreuzigung Jesu Christi und seinen Tod auf Golgatha und markiert einen zentralen Moment in der Ostergeschichte. Er wird am Freitag vor Ostersonntag gefeiert und ist Teil der Karwoche, zu der auch Gr\u00fcndonnerstag und Osternacht geh\u00f6ren. Der Tag ist gepr\u00e4gt von Feierlichkeit und Besinnung. Viele besuchen Gottesdienste, die sich mit Jesu Leiden und Opfer befassen. <\/p>\n<p>Interessanterweise leitet sich der Name \u201eKarfreitag\u201c vermutlich von dem Begriff \u201eGottesfreitag\u201c oder \u201eKarfreitag\u201c ab, was seine Bedeutung im christlichen Glauben unterstreicht. Der Karfreitag umfasst verschiedene Traditionen wie Fasten, Gebete und den Kreuzweg, der die Ereignisse darstellt, die zur Kreuzigung Jesu f\u00fchrten. In manchen Kulturen ist er ein gesetzlicher Feiertag, und viele verzichten auf Fleisch und bevorzugen stattdessen Fisch oder vegetarische Gerichte. Weltweit gibt es einzigartige Br\u00e4uche; so finden beispielsweise in Spanien aufwendige Prozessionen statt, w\u00e4hrend auf den Philippinen manche Menschen die Kreuzigung als Bu\u00dfe nachstellen. Der Karfreitag dient als eindringliche Erinnerung an Opfer, Hoffnung und Erl\u00f6sung und bereitet den Boden f\u00fcr die freudige Feier des Ostersonntags.<\/p>\n<h3>Einf\u00fchrung zum Ostersonntag<\/h3>\n<p>Der Ostersonntag, ein Eckpfeiler des christlichen Kalenders, feiert die Auferstehung Jesu Christi von den Toten und symbolisiert Hoffnung, Erneuerung und den Sieg \u00fcber die S\u00fcnde. Das Fest wird am ersten Sonntag nach dem ersten Vollmond nach der Fr\u00fchlingstagundnachtgleiche gefeiert und f\u00e4llt j\u00e4hrlich zwischen den 22. M\u00e4rz und den 25. April. Ostern ist reich an Traditionen und wird von lebhaften Festen gepr\u00e4gt, darunter die ber\u00fchmte Ostereiersuche, die neues Leben und Wiedergeburt symbolisiert. Die Verbindung des Eies mit Ostern geht auf die fr\u00fchen Christen in Mesopotamien zur\u00fcck, die ihre Eier rot f\u00e4rbten, um das Blut Christi zu symbolisieren. Neben religi\u00f6sen Br\u00e4uchen hat sich Ostern zu einem kulturellen Fest entwickelt, mit Elementen wie dem Osterhasen, einer folkloristischen Figur, die Kindern Freude und Leckereien bringt. Diese harmonische Mischung aus geistlichen und weltlichen Traditionen macht den Ostersonntag zu einer Zeit des Familientreffens, der Besinnung und der freudigen Feier des Fr\u00fchlings.<\/p>","protected":false},"excerpt":{"rendered":"<p>Datum Feiertag 01.01.2025 Neujahr 15.03.2025 Gedenktag an die Revolution von 1848 20.03.2025T10:01:21+01:00 Tagundnachtgleiche im M\u00e4rz 18.04.2025 Karfreitag 20.04.2025 Ostersonntag 21.04.2025 Ostermontag 01.05.2025 Tag der Arbeit \/ Erster Mai 02.05.2025 Tag der Arbeit 04.05.2025 Muttertag 17.05.2025 \u00dcberarbeitstag 08.06.2025 Pfingstsonntag 09.06.2025 Pfingstmontag 15.06.2025 Vatertag 21.06.2025T04:42:15+02:00 20.08.2025 Ungarn\u2026<\/p>","protected":false},"author":1,"featured_media":0,"comment_status":"open","ping_status":"open","sticky":false,"template":"","format":"standard","meta":{"_kadence_starter_templates_imported_post":false,"_kad_post_transparent":"","_kad_post_title":"","_kad_post_layout":"","_kad_post_sidebar_id":"","_kad_post_content_style":"","_kad_post_vertical_padding":"","_kad_post_feature":"","_kad_post_feature_position":"","_kad_post_header":false,"_kad_post_footer":false,"slim_seo":{"title":"Public Holidays in Hungary for 2025 - Public Holiday Calendar","description":"Date Holiday Name 2025-01-01 New Year's Day 2025-03-15 1848 Revolution Memorial Day 2025-03-20 T10:01:21+01:00 March Equinox 2025-04-18 Good Friday 2025-04-20 E"},"footnotes":""},"categories":[66,136],"tags":[],"class_list":["post-162","post","type-post","status-publish","format-standard","hentry","category-europe","category-hungary"],"amp_enabled":true,"_links":{"self":[{"href":"https:\/\/www.publicholidaycalendar.com\/de\/wp-json\/wp\/v2\/posts\/162","targetHints":{"allow":["GET"]}}],"collection":[{"href":"https:\/\/www.publicholidaycalendar.com\/de\/wp-json\/wp\/v2\/posts"}],"about":[{"href":"https:\/\/www.publicholidaycalendar.com\/de\/wp-json\/wp\/v2\/types\/post"}],"author":[{"embeddable":true,"href":"https:\/\/www.publicholidaycalendar.com\/de\/wp-json\/wp\/v2\/users\/1"}],"replies":[{"embeddable":true,"href":"https:\/\/www.publicholidaycalendar.com\/de\/wp-json\/wp\/v2\/comments?post=162"}],"version-history":[{"count":0,"href":"https:\/\/www.publicholidaycalendar.com\/de\/wp-json\/wp\/v2\/posts\/162\/revisions"}],"wp:attachment":[{"href":"https:\/\/www.publicholidaycalendar.com\/de\/wp-json\/wp\/v2\/media?parent=162"}],"wp:term":[{"taxonomy":"category","embeddable":true,"href":"https:\/\/www.publicholidaycalendar.com\/de\/wp-json\/wp\/v2\/categories?post=162"},{"taxonomy":"post_tag","embeddable":true,"href":"https:\/\/www.publicholidaycalendar.com\/de\/wp-json\/wp\/v2\/tags?post=162"}],"curies":[{"name":"wp","href":"https:\/\/api.w.org\/{rel}","templated":true}]}}