{"id":12570,"date":"2025-08-07T08:59:02","date_gmt":"2025-08-06T20:59:02","guid":{"rendered":"https:\/\/www.publicholidaycalendar.com\/en\/?p=12570"},"modified":"2025-08-07T08:59:02","modified_gmt":"2025-08-06T20:59:02","slug":"how-did-the-holiday-end-unwrapping-the-post-celebration-blues","status":"publish","type":"post","link":"http:\/\/www.publicholidaycalendar.com\/de\/how-did-the-holiday-end-unwrapping-the-post-celebration-blues\/","title":{"rendered":"Wie endeten die Feiertage? Der Post-Feier-Blues"},"content":{"rendered":"<p><img decoding=\"async\" src=\"https:\/\/www.publicholidaycalendar.com\/wp-content\/uploads\/2025\/08\/pexels-photo-7.jpg\" alt=\" How Did the Holiday End? Unwrapping the Post-Celebration Blues \"\/><\/p>\n<p> Hallo Leute! Hier ist euer kleiner Weihnachtsassistent mit einer weiteren Dosis Urlaubs-Realit\u00e4t. Ihr stellt also die gro\u00dfe Frage: <b>\u201eWie endete der Urlaub?\u201c<\/b> Ob Weihnachten, Silvester oder einfach nur ein lang ersehnter Urlaub \u2013 der Einbruch nach den Feiertagen trifft einen hart, nicht wahr? Lassen Sie uns herausfinden, warum wir uns alle nach dem Urlaub wie Luftballons f\u00fchlen, aus denen die Luft raus ist \u2013 und wie wir damit umgehen. <\/p>\n<h2> Die pl\u00f6tzliche Stille: Warum das Ende der Feiertage so hart ist <\/h2>\n<p> In der einen Minute sind Sie umgeben von funkelnden Lichtern, Bergen von Geschenken und zu viel Kuchen; in der n\u00e4chsten starren Sie auf einen Berg Geschenkpapier und einen K\u00fchlschrank voller Essensreste. Der emotionale Schleudertrauma ist real! Feiertage schaffen eine <b>vor\u00fcbergehende Blase der Freude<\/b>\u2013 kein Arbeitsstress, nur Spa\u00df und Menschen, die man liebt. Wenn es platzt, str\u00f6mt die Realit\u00e4t wie ein kalter Luftzug zur\u00fcck. Wissenschaftler haben sogar einen Namen daf\u00fcr: <b>\u201ePost-Urlaubs-Syndrom\u201c<\/b>, mit Symptomen wie M\u00fcdigkeit, Reizbarkeit und der Angst \u201eWarum ist mein Sofa mit Glitzer bedeckt?\u201c. <\/p>\n<h2> 5 M\u00f6glichkeiten, das Urlaubstief zu lindern <\/h2>\n<p>\n1. <b>Aufr\u00e4umen = Therapie<\/b>: Gehen Sie das Chaos in kleinen Schritten an. Schalten Sie einen Podcast ein und sortieren Sie die Dekorationen, w\u00e4hrend Sie Ihre sch\u00f6nsten Urlaubsmomente noch einmal abspielen.<br \/>\n2. <b>Langsam wieder verbinden<\/b> Anstatt sich in 100 ungelesene E-Mails zu vertiefen, teilen Sie Fotos mit Freunden oder planen Sie einen gem\u00fctlichen Brunch, um die W\u00e4rme zu verbreiten.<br \/>\n3. <b>Halten Sie eine Tradition am Leben<\/b> Z\u00fcnden Sie trotzdem die Zimtkerze an! Kleine Rituale erleichtern den \u00dcbergang.<br \/>\n4. <b>Zukunftsspa\u00df &gt; Tr\u00fcbsinn<\/b> Buchen Sie einen Kurzurlaub am Wochenende oder markieren Sie den n\u00e4chsten Feiertag in Ihrem Kalender \u2013 die Vorfreude ist die sch\u00f6nste Freude.<br \/>\n5. <b>Seien Sie nett zu Ihrem Geldbeutel (und Ihrer Taille)<\/b> Die Sonderangebote nach den Feiertagen sind verlockend, aber auch Ihr Bankkonto braucht eine Sanierung. Tauschen Sie reichhaltiges Essen gegen Suppen und Spazierg\u00e4nge.\n<\/p>\n<h2> FAQs: Umgang mit dem Urlaubskater <\/h2>\n<p> <b>F: Warum f\u00fchle ich mich nach den Feiertagen schuldig?<\/b><br \/>\nA: Schuld ist die \u201eUrlaubs-Schuldkultur\u201c \u2013 wir sind darauf konditioniert, zu denken, dass Entspannen faul ist. Denken Sie daran: Ruhe ist produktiv! <\/p>\n<p> <b>F: Wie lange h\u00e4lt die Traurigkeit nach den Feiertagen an?<\/b><br \/>\nA&gt; Normalerweise ein oder zwei Wochen. Wenn es anh\u00e4lt, k\u00f6nnte es sich um ein allgemeineres Burnout handeln. Sprechen Sie mit jemandem. <\/p>\n<p> <b>F: Gibt es einen Trick, um die Arbeit zu f\u00fcrchten?<\/b><br \/>\nA&gt; Bereiten Sie am Abend zuvor eine Sache vor (z. B. ein s\u00fc\u00dfes Outfit oder ein lustiges Mittagessen), um sich am ersten Tag einen kleinen Sieg zu sichern. <\/p>\n<p> Also, Freunde \u2013 denkt daran, Feiertage <i>Ende<\/i>, aber die gem\u00fctlichen Erinnerungen bleiben. Packen Sie die Weihnachtsdekoration mit einem L\u00e4cheln ein und schmuggeln Sie vielleicht noch einen letzten Keks hinein. Bis zum n\u00e4chsten Mal, Ihr kleiner Weihnachtsassistent verabschiedet sich! <\/p>\n<p> Faqpro Danke f\u00fcrs Lesen! Haben Sie eigene \u00dcberlebenstipps f\u00fcr die Zeit nach den Feiertagen? Markieren Sie uns oder hinterlassen Sie einen Kommentar \u2013 wir sitzen alle im selben Boot. <\/p>","protected":false},"excerpt":{"rendered":"<p>Hallo Leute! Hier ist euer kleiner Weihnachtsassistent mit einer neuen Dosis Urlaubs-Realit\u00e4t. Ihr stellt euch bestimmt die gro\u00dfe Frage: \u201eWie endeten die Feiertage?\u201c Ob Weihnachten, Neujahr oder einfach nur ein lang ersehnter Urlaub \u2013 der Einbruch nach den Feiertagen trifft einen hart, nicht wahr? Lassen Sie uns herausfinden, warum wir uns alle wie Luftballons f\u00fchlen, sobald die\u2026<\/p>","protected":false},"author":1,"featured_media":12569,"comment_status":"closed","ping_status":"open","sticky":false,"template":"","format":"standard","meta":{"_kadence_starter_templates_imported_post":false,"_kad_post_transparent":"","_kad_post_title":"","_kad_post_layout":"","_kad_post_sidebar_id":"","_kad_post_content_style":"","_kad_post_vertical_padding":"","_kad_post_feature":"","_kad_post_feature_position":"","_kad_post_header":false,"_kad_post_footer":false,"slim_seo":{"title":"How Did the Holiday End? Unwrapping the Post-Celebration Blues - Public Holiday Calendar","description":"Hey there, folks! It's your Holiday Little Assistant, back with another dose of holiday realness. So, you're asking the big question: \"How did the holiday end?\""},"footnotes":""},"categories":[278],"tags":[829,1337,12741,12742,1335],"class_list":["post-12570","post","type-post","status-publish","format-standard","has-post-thumbnail","hentry","category-blog","tag-back-to-work-after-holidays","tag-holiday-cleanup","tag-holiday-ending","tag-holiday-recovery","tag-post-holiday-depression"],"amp_enabled":true,"_links":{"self":[{"href":"http:\/\/www.publicholidaycalendar.com\/de\/wp-json\/wp\/v2\/posts\/12570","targetHints":{"allow":["GET"]}}],"collection":[{"href":"http:\/\/www.publicholidaycalendar.com\/de\/wp-json\/wp\/v2\/posts"}],"about":[{"href":"http:\/\/www.publicholidaycalendar.com\/de\/wp-json\/wp\/v2\/types\/post"}],"author":[{"embeddable":true,"href":"http:\/\/www.publicholidaycalendar.com\/de\/wp-json\/wp\/v2\/users\/1"}],"replies":[{"embeddable":true,"href":"http:\/\/www.publicholidaycalendar.com\/de\/wp-json\/wp\/v2\/comments?post=12570"}],"version-history":[{"count":1,"href":"http:\/\/www.publicholidaycalendar.com\/de\/wp-json\/wp\/v2\/posts\/12570\/revisions"}],"predecessor-version":[{"id":12571,"href":"http:\/\/www.publicholidaycalendar.com\/de\/wp-json\/wp\/v2\/posts\/12570\/revisions\/12571"}],"wp:featuredmedia":[{"embeddable":true,"href":"http:\/\/www.publicholidaycalendar.com\/de\/wp-json\/wp\/v2\/media\/12569"}],"wp:attachment":[{"href":"http:\/\/www.publicholidaycalendar.com\/de\/wp-json\/wp\/v2\/media?parent=12570"}],"wp:term":[{"taxonomy":"category","embeddable":true,"href":"http:\/\/www.publicholidaycalendar.com\/de\/wp-json\/wp\/v2\/categories?post=12570"},{"taxonomy":"post_tag","embeddable":true,"href":"http:\/\/www.publicholidaycalendar.com\/de\/wp-json\/wp\/v2\/tags?post=12570"}],"curies":[{"name":"wp","href":"https:\/\/api.w.org\/{rel}","templated":true}]}}